{"id":76523,"date":"2026-04-28T16:33:58","date_gmt":"2026-04-28T22:33:58","guid":{"rendered":"https:\/\/encuentroinformativo.com.mx\/?p=76523"},"modified":"2026-04-28T16:33:58","modified_gmt":"2026-04-28T22:33:58","slug":"reitera-equifonia-llamado-a-combatir-el-embarazo-infantil","status":"publish","type":"post","link":"https:\/\/encuentroinformativo.com.mx\/?p=76523","title":{"rendered":"Reitera Equifon\u00eda llamado a combatir el embarazo infantil"},"content":{"rendered":"<p><strong>Dar\u00edo Pale<\/strong><\/p>\n<p>Xalapa, Ver.- En el marco del D\u00eda de la Ni\u00f1a y el Ni\u00f1o, la coordinadora general de Equifon\u00eda, Adriana Fuentes, hizo un llamado a la sociedad y a las instituciones a no normalizar el embarazo infantil, al subrayar que estos casos son consecuencia de delitos, principalmente de violencia sexual.<\/p>\n<p>Se\u00f1al\u00f3 que hablar de sexualidad no es un delito, por lo que insisti\u00f3 en la necesidad de fortalecer campa\u00f1as informativas y de educaci\u00f3n sexual, especialmente tras la reforma de 2021 en materia de aborto.<\/p>\n<p>Record\u00f3 que la Interrupci\u00f3n Voluntaria del Embarazo (IVE) es un derecho para ni\u00f1as y adolescentes v\u00edctimas de violencia sexual, contemplado en la Norma 046.<\/p>\n<p><strong>\u201cVer a una ni\u00f1a embarazada de 10 u 11 a\u00f1os no es normal, es producto de un delito de pederastia, y las instituciones deben garantizar sus derechos\u201d, enfatiz\u00f3.<\/strong><\/p>\n<p>Fuentes explic\u00f3 que, de acuerdo con datos de la Direcci\u00f3n General de Informaci\u00f3n en Salud (DGIS), en muchos casos los agresores pertenecen al entorno cercano de las v\u00edctimas, como padres, abuelos, t\u00edos o primos, lo que evidencia que el \u00e1mbito familiar no siempre es un espacio seguro para ni\u00f1as y adolescentes.<\/p>\n<p>Asimismo, destac\u00f3 la urgencia de reforzar la coordinaci\u00f3n entre instituciones para garantizar el acceso efectivo a derechos como la interrupci\u00f3n del embarazo en casos de violaci\u00f3n. Indic\u00f3 que de 71 ni\u00f1as que solicitan este servicio, solo a una se le garantiza, lo que calific\u00f3 como un rezago alarmante.<\/p>\n<p>En cuanto a cifras, detall\u00f3 que en Veracruz se registraron 621 casos de embarazo infantil en 2024, siendo San Andr\u00e9s Tuxtla el municipio con mayor incidencia, seguido de Veracruz, Papantla y Perote, entre otros.<\/p>\n<p>Adem\u00e1s, alert\u00f3 que la mayor\u00eda de las ni\u00f1as afectadas presenta rezago educativo, pues un alto porcentaje no concluy\u00f3 la educaci\u00f3n b\u00e1sica.<\/p>\n<p>La activista subray\u00f3 que el embarazo infantil est\u00e1 relacionado con m\u00faltiples violencias, por lo que es fundamental atender factores como el ausentismo escolar.<\/p>\n<p>En ese sentido, exhort\u00f3 a las autoridades educativas a reportar estos casos a la Procuradur\u00eda de Protecci\u00f3n de Ni\u00f1as, Ni\u00f1os y Adolescentes para su atenci\u00f3n oportuna.<\/p>\n<p>En otro tema, advirti\u00f3 sobre el incremento en la desaparici\u00f3n de mujeres, particularmente menores de edad, y se\u00f1al\u00f3 que el principal reto sigue siendo la falta de implementaci\u00f3n efectiva de los protocolos de b\u00fasqueda inmediata, ya que en algunos casos las autoridades contin\u00faan pidiendo esperar hasta 72 horas para iniciar acciones.<\/p>\n<p>Tambi\u00e9n mencion\u00f3 la crisis nacional en materia de desapariciones y la problem\u00e1tica forense, al indicar que existen m\u00e1s de 72 mil restos sin identificar en el pa\u00eds, lo que refleja las deficiencias institucionales.<\/p>\n<p>Respecto a las Alertas de Violencia de G\u00e9nero, se\u00f1al\u00f3 que los mecanismos se encuentran en pausa tras la desaparici\u00f3n de la Comisi\u00f3n Nacional para Prevenir y Erradicar la Violencia contra las Mujeres (Conavim), lo que ha frenado el seguimiento y evaluaci\u00f3n de estas medidas.<\/p>\n<p>Finalmente, reiter\u00f3 el llamado a las autoridades de salud y educaci\u00f3n a fortalecer acciones conjuntas, as\u00ed como a la sociedad en general a no normalizar la violencia contra ni\u00f1as y adolescentes, y a denunciar cualquier caso para garantizar la restituci\u00f3n de sus derechos.<\/p>\n","protected":false},"excerpt":{"rendered":"<p>Dar\u00edo Pale Xalapa, Ver.- En el marco del D\u00eda de la Ni\u00f1a y el Ni\u00f1o, la coordinadora general de Equifon\u00eda, Adriana Fuentes, hizo un llamado a la sociedad y a las instituciones a no normalizar el embarazo infantil, al subrayar que estos casos son consecuencia de delitos, principalmente de violencia sexual. Se\u00f1al\u00f3 que hablar de [&hellip;]<\/p>\n","protected":false},"author":2476,"featured_media":76524,"comment_status":"open","ping_status":"open","sticky":false,"template":"","format":"standard","meta":{"_jetpack_memberships_contains_paid_content":false,"footnotes":""},"categories":[3],"tags":[],"class_list":["post-76523","post","type-post","status-publish","format-standard","has-post-thumbnail","hentry","category-xalapa"],"jetpack_featured_media_url":"https:\/\/encuentroinformativo.com.mx\/wp-content\/uploads\/2026\/04\/IMG-20260428-WA0268.jpg","jetpack_sharing_enabled":true,"jetpack_likes_enabled":true,"amp_enabled":true,"_links":{"self":[{"href":"https:\/\/encuentroinformativo.com.mx\/index.php?rest_route=\/wp\/v2\/posts\/76523","targetHints":{"allow":["GET"]}}],"collection":[{"href":"https:\/\/encuentroinformativo.com.mx\/index.php?rest_route=\/wp\/v2\/posts"}],"about":[{"href":"https:\/\/encuentroinformativo.com.mx\/index.php?rest_route=\/wp\/v2\/types\/post"}],"author":[{"embeddable":true,"href":"https:\/\/encuentroinformativo.com.mx\/index.php?rest_route=\/wp\/v2\/users\/2476"}],"replies":[{"embeddable":true,"href":"https:\/\/encuentroinformativo.com.mx\/index.php?rest_route=%2Fwp%2Fv2%2Fcomments&post=76523"}],"version-history":[{"count":1,"href":"https:\/\/encuentroinformativo.com.mx\/index.php?rest_route=\/wp\/v2\/posts\/76523\/revisions"}],"predecessor-version":[{"id":76525,"href":"https:\/\/encuentroinformativo.com.mx\/index.php?rest_route=\/wp\/v2\/posts\/76523\/revisions\/76525"}],"wp:featuredmedia":[{"embeddable":true,"href":"https:\/\/encuentroinformativo.com.mx\/index.php?rest_route=\/wp\/v2\/media\/76524"}],"wp:attachment":[{"href":"https:\/\/encuentroinformativo.com.mx\/index.php?rest_route=%2Fwp%2Fv2%2Fmedia&parent=76523"}],"wp:term":[{"taxonomy":"category","embeddable":true,"href":"https:\/\/encuentroinformativo.com.mx\/index.php?rest_route=%2Fwp%2Fv2%2Fcategories&post=76523"},{"taxonomy":"post_tag","embeddable":true,"href":"https:\/\/encuentroinformativo.com.mx\/index.php?rest_route=%2Fwp%2Fv2%2Ftags&post=76523"}],"curies":[{"name":"wp","href":"https:\/\/api.w.org\/{rel}","templated":true}]}}