{"id":76526,"date":"2026-04-28T16:48:10","date_gmt":"2026-04-28T22:48:10","guid":{"rendered":"https:\/\/encuentroinformativo.com.mx\/?p=76526"},"modified":"2026-04-28T16:48:10","modified_gmt":"2026-04-28T22:48:10","slug":"anuncian-desfile-cafetalero-ciudadano-en-coatepec","status":"publish","type":"post","link":"https:\/\/encuentroinformativo.com.mx\/?p=76526","title":{"rendered":"Anuncian Desfile Cafetalero Ciudadano en Coatepec"},"content":{"rendered":"<p><strong>Dar\u00edo Pale<\/strong><\/p>\n<p>Xalapa, Ver.- Integrantes del comit\u00e9 organizador \u201cUnidos por la Magia de Coatepec\u201d anunciaron la realizaci\u00f3n del primer desfile cafetalero ciudadano, un evento in\u00e9dito que se llevar\u00e1 a cabo el pr\u00f3ximo 3 de mayo a las 16:00 horas, como parte de las actividades de la Feria Nacional del Caf\u00e9 2026.<\/p>\n<p>En rueda de prensa, Fernando Hern\u00e1ndez, integrante del comit\u00e9, destac\u00f3 que aunque la agrupaci\u00f3n cuenta con una trayectoria de 10 a\u00f1os, este ser\u00e1 el primer desfile de este tipo, organizado principalmente por la ciudadan\u00eda con el respaldo del Ayuntamiento en temas log\u00edsticos.<\/p>\n<p>\u201cEl desfile es 100 por ciento ciudadano, con apoyo del Ayuntamiento en facilidades, pero nace de la gente\u201d, subray\u00f3.<\/p>\n<p>El recorrido iniciar\u00e1 en la zona conocida como Los Carriles, avanzar\u00e1 por la calle Arteaga, rodear\u00e1 el parque central, continuar\u00e1 por Lerdo y concluir\u00e1 en la calle Lucio, siguiendo una ruta tradicional de desfiles en el Pueblo M\u00e1gico.<\/p>\n<p>Los organizadores informaron que, pese al corto tiempo de preparaci\u00f3n \u2014apenas 10 d\u00edas\u2014, la respuesta ha sido favorable, logrando reunir a cerca de mil 200 participantes, entre comercios, escuelas, ciudadan\u00eda y agrupaciones musicales, incluyendo dos marching bands provenientes de Xalapa.<\/p>\n<p>El desfile contar\u00e1 con la participaci\u00f3n de la Corte Real de la Feria Nacional del Caf\u00e9, as\u00ed como de diversas marcas, negocios locales y creadores de contenido, quienes se han sumado para impulsar el evento y promover el destino tur\u00edstico.<\/p>\n<p>Se prev\u00e9 la participaci\u00f3n de alrededor de 30 comercios, adem\u00e1s de figuras en redes sociales como Mari Beu, Marichain y Wachisneris, quienes forman parte del comit\u00e9 y de la difusi\u00f3n del evento.<\/p>\n<p>Los organizadores resaltaron que la participaci\u00f3n es completamente gratuita y permanece abierta a la ciudadan\u00eda interesada en sumarse, con el objetivo de fomentar la cultura, fortalecer la identidad cafetalera y reactivar la econom\u00eda local.<\/p>\n<p>\u201cEl evento est\u00e1 pensado tambi\u00e9n para las familias que no tienen la posibilidad de acudir a la feria, para que puedan disfrutar de un espect\u00e1culo cultural accesible\u201d, se\u00f1alaron.<\/p>\n<p>Este desfile se realiza en el contexto del regreso de la Feria Nacional del Caf\u00e9 a su sede tradicional, que iniciar\u00e1 el pr\u00f3ximo 30 de abril y que, tras varios a\u00f1os sin realizarse, se espera reciba a miles de visitantes.<\/p>\n<p>Finalmente, los organizadores extendieron la invitaci\u00f3n al p\u00fablico en general para asistir y disfrutar de este evento familiar que busca resaltar la riqueza cafetalera de Coatepec, uno de los principales destinos tur\u00edsticos de la regi\u00f3n.<\/p>\n","protected":false},"excerpt":{"rendered":"<p>Dar\u00edo Pale Xalapa, Ver.- Integrantes del comit\u00e9 organizador \u201cUnidos por la Magia de Coatepec\u201d anunciaron la realizaci\u00f3n del primer desfile cafetalero ciudadano, un evento in\u00e9dito que se llevar\u00e1 a cabo el pr\u00f3ximo 3 de mayo a las 16:00 horas, como parte de las actividades de la Feria Nacional del Caf\u00e9 2026. En rueda de prensa, [&hellip;]<\/p>\n","protected":false},"author":2476,"featured_media":76527,"comment_status":"open","ping_status":"open","sticky":false,"template":"","format":"standard","meta":{"_jetpack_memberships_contains_paid_content":false,"footnotes":""},"categories":[8],"tags":[],"class_list":["post-76526","post","type-post","status-publish","format-standard","has-post-thumbnail","hentry","category-region"],"jetpack_featured_media_url":"https:\/\/encuentroinformativo.com.mx\/wp-content\/uploads\/2026\/04\/IMG-20260428-WA03382.jpg","jetpack_sharing_enabled":true,"jetpack_likes_enabled":true,"amp_enabled":true,"_links":{"self":[{"href":"https:\/\/encuentroinformativo.com.mx\/index.php?rest_route=\/wp\/v2\/posts\/76526","targetHints":{"allow":["GET"]}}],"collection":[{"href":"https:\/\/encuentroinformativo.com.mx\/index.php?rest_route=\/wp\/v2\/posts"}],"about":[{"href":"https:\/\/encuentroinformativo.com.mx\/index.php?rest_route=\/wp\/v2\/types\/post"}],"author":[{"embeddable":true,"href":"https:\/\/encuentroinformativo.com.mx\/index.php?rest_route=\/wp\/v2\/users\/2476"}],"replies":[{"embeddable":true,"href":"https:\/\/encuentroinformativo.com.mx\/index.php?rest_route=%2Fwp%2Fv2%2Fcomments&post=76526"}],"version-history":[{"count":1,"href":"https:\/\/encuentroinformativo.com.mx\/index.php?rest_route=\/wp\/v2\/posts\/76526\/revisions"}],"predecessor-version":[{"id":76528,"href":"https:\/\/encuentroinformativo.com.mx\/index.php?rest_route=\/wp\/v2\/posts\/76526\/revisions\/76528"}],"wp:featuredmedia":[{"embeddable":true,"href":"https:\/\/encuentroinformativo.com.mx\/index.php?rest_route=\/wp\/v2\/media\/76527"}],"wp:attachment":[{"href":"https:\/\/encuentroinformativo.com.mx\/index.php?rest_route=%2Fwp%2Fv2%2Fmedia&parent=76526"}],"wp:term":[{"taxonomy":"category","embeddable":true,"href":"https:\/\/encuentroinformativo.com.mx\/index.php?rest_route=%2Fwp%2Fv2%2Fcategories&post=76526"},{"taxonomy":"post_tag","embeddable":true,"href":"https:\/\/encuentroinformativo.com.mx\/index.php?rest_route=%2Fwp%2Fv2%2Ftags&post=76526"}],"curies":[{"name":"wp","href":"https:\/\/api.w.org\/{rel}","templated":true}]}}