{"id":76534,"date":"2026-04-29T12:36:02","date_gmt":"2026-04-29T18:36:02","guid":{"rendered":"https:\/\/encuentroinformativo.com.mx\/?p=76534"},"modified":"2026-04-29T12:36:02","modified_gmt":"2026-04-29T18:36:02","slug":"anuncia-ivonne-cisneros-que-asumira-nuevo-cargo-en-el-gobierno-federal","status":"publish","type":"post","link":"https:\/\/encuentroinformativo.com.mx\/?p=76534","title":{"rendered":"Anuncia Ivonne Cisneros que asumir\u00e1 nuevo cargo en el gobierno federal"},"content":{"rendered":"<p><strong>Dar\u00edo Pale<\/strong><\/p>\n<p>Xalapa, Ver.- La pol\u00edtica veracruzana Ivonne Cisneros Luj\u00e1n anunci\u00f3 que a partir del pr\u00f3ximo 1 de mayo asumir\u00e1 un cargo federal dentro de la Secretar\u00eda de Cultura, donde se desempe\u00f1ar\u00e1 como Directora General de Acci\u00f3n Territorial y Promoci\u00f3n Comunitaria.<\/p>\n<p>Durante su mensaje, explic\u00f3 que esta nueva responsabilidad forma parte de una reestructuraci\u00f3n al interior de la dependencia federal, en la que desaparece el \u00e1rea de Culturas Populares para dar paso a la Unidad de Culturas Vivas, Patrimonio Inmaterial e Interculturalidad.<\/p>\n<p>Cisneros Luj\u00e1n detall\u00f3 que esta direcci\u00f3n general ser\u00e1 de reciente creaci\u00f3n, por lo que le corresponder\u00e1 encabezar su puesta en marcha, as\u00ed como dise\u00f1ar e implementar estrategias para fortalecer la organizaci\u00f3n comunitaria en torno a la cultura a nivel nacional.<\/p>\n<p>Indic\u00f3 que el objetivo ser\u00e1 impulsar el rescate y promoci\u00f3n de las \u201cculturas vivas\u201d, entendidas como la suma de expresiones tradicionales y contempor\u00e1neas del pa\u00eds.<\/p>\n<p>Entre ellas, mencion\u00f3 el canto, la danza, la memoria colectiva, los museos comunitarios y tambi\u00e9n manifestaciones actuales como el muralismo urbano.<\/p>\n<p>\u201cSe trata de reconocer nuestra grandeza ancestral, pero tambi\u00e9n de integrar las expresiones culturales actuales dentro de una visi\u00f3n intercultural\u201d, se\u00f1al\u00f3.<\/p>\n<p>Asimismo, adelant\u00f3 que trabajar\u00e1 de manera cercana con organizaciones de la sociedad civil, as\u00ed como en coordinaci\u00f3n con los gobiernos de las 32 entidades federativas, para fortalecer proyectos culturales desde las comunidades.<\/p>\n<p>En otro tema, al ser cuestionada sobre declaraciones de actores pol\u00edticos que han generado controversia al interior de Morena, Cisneros Luj\u00e1n afirm\u00f3 que se trata de un partido plural en el que existe libertad de expresi\u00f3n.<\/p>\n<p>Sostuvo que las opiniones diversas no afectan al movimiento, el cual \u2014dijo\u2014 se encuentra en un proceso de consolidaci\u00f3n como parte de la Cuarta Transformaci\u00f3n.<\/p>\n<p>Agreg\u00f3 que los recientes cambios internos, as\u00ed como los ajustes en distintas \u00e1reas del gobierno federal, responden a una estrategia de fortalecimiento del movimiento, destacando la incorporaci\u00f3n de nuevos perfiles en responsabilidades p\u00fablicas y partidistas.<\/p>\n<p>Finalmente, indic\u00f3 que su nueva encomienda tendr\u00e1 sede en la Ciudad de M\u00e9xico, aunque asegur\u00f3 que mantendr\u00e1 cercan\u00eda y comunicaci\u00f3n constante con la ciudadan\u00eda.<\/p>\n","protected":false},"excerpt":{"rendered":"<p>Dar\u00edo Pale Xalapa, Ver.- La pol\u00edtica veracruzana Ivonne Cisneros Luj\u00e1n anunci\u00f3 que a partir del pr\u00f3ximo 1 de mayo asumir\u00e1 un cargo federal dentro de la Secretar\u00eda de Cultura, donde se desempe\u00f1ar\u00e1 como Directora General de Acci\u00f3n Territorial y Promoci\u00f3n Comunitaria. Durante su mensaje, explic\u00f3 que esta nueva responsabilidad forma parte de una reestructuraci\u00f3n al [&hellip;]<\/p>\n","protected":false},"author":2476,"featured_media":76535,"comment_status":"open","ping_status":"open","sticky":false,"template":"","format":"standard","meta":{"_jetpack_memberships_contains_paid_content":false,"footnotes":""},"categories":[3],"tags":[],"class_list":["post-76534","post","type-post","status-publish","format-standard","has-post-thumbnail","hentry","category-xalapa"],"jetpack_featured_media_url":"https:\/\/encuentroinformativo.com.mx\/wp-content\/uploads\/2026\/04\/IMG-20260429-WA0066.jpg","jetpack_sharing_enabled":true,"jetpack_likes_enabled":true,"amp_enabled":true,"_links":{"self":[{"href":"https:\/\/encuentroinformativo.com.mx\/index.php?rest_route=\/wp\/v2\/posts\/76534","targetHints":{"allow":["GET"]}}],"collection":[{"href":"https:\/\/encuentroinformativo.com.mx\/index.php?rest_route=\/wp\/v2\/posts"}],"about":[{"href":"https:\/\/encuentroinformativo.com.mx\/index.php?rest_route=\/wp\/v2\/types\/post"}],"author":[{"embeddable":true,"href":"https:\/\/encuentroinformativo.com.mx\/index.php?rest_route=\/wp\/v2\/users\/2476"}],"replies":[{"embeddable":true,"href":"https:\/\/encuentroinformativo.com.mx\/index.php?rest_route=%2Fwp%2Fv2%2Fcomments&post=76534"}],"version-history":[{"count":1,"href":"https:\/\/encuentroinformativo.com.mx\/index.php?rest_route=\/wp\/v2\/posts\/76534\/revisions"}],"predecessor-version":[{"id":76536,"href":"https:\/\/encuentroinformativo.com.mx\/index.php?rest_route=\/wp\/v2\/posts\/76534\/revisions\/76536"}],"wp:featuredmedia":[{"embeddable":true,"href":"https:\/\/encuentroinformativo.com.mx\/index.php?rest_route=\/wp\/v2\/media\/76535"}],"wp:attachment":[{"href":"https:\/\/encuentroinformativo.com.mx\/index.php?rest_route=%2Fwp%2Fv2%2Fmedia&parent=76534"}],"wp:term":[{"taxonomy":"category","embeddable":true,"href":"https:\/\/encuentroinformativo.com.mx\/index.php?rest_route=%2Fwp%2Fv2%2Fcategories&post=76534"},{"taxonomy":"post_tag","embeddable":true,"href":"https:\/\/encuentroinformativo.com.mx\/index.php?rest_route=%2Fwp%2Fv2%2Ftags&post=76534"}],"curies":[{"name":"wp","href":"https:\/\/api.w.org\/{rel}","templated":true}]}}