{"id":76540,"date":"2026-04-29T15:36:32","date_gmt":"2026-04-29T21:36:32","guid":{"rendered":"https:\/\/encuentroinformativo.com.mx\/?p=76540"},"modified":"2026-04-29T15:36:32","modified_gmt":"2026-04-29T21:36:32","slug":"pescadores-de-agua-dulce-piden-apoyo-a-las-autoridades","status":"publish","type":"post","link":"https:\/\/encuentroinformativo.com.mx\/?p=76540","title":{"rendered":"Pescadores de Agua Dulce piden apoyo a las autoridades"},"content":{"rendered":"<p><strong>Dar\u00edo Pale<\/strong><\/p>\n<p>Xalapa, Ver.- Pescadores provenientes de la congregaci\u00f3n de Tonal\u00e1, en el municipio de Agua Dulce, se manifestaron en la Plaza Lerdo para denunciar la persistente contaminaci\u00f3n en las costas del sur de Veracruz y la falta de apoyos por parte de autoridades estatales y federales.<\/p>\n<p>Durante la protesta, los inconformes exhibieron una red de pesca impregnada de chapopote, con el objetivo de evidenciar que, pese a los reportes oficiales, las playas y zonas de pesca a\u00fan presentan residuos de petr\u00f3leo que afectan gravemente su actividad.<\/p>\n<p>Mart\u00edn G\u00f3mez Mart\u00ednez, presidente de la Sociedad Cooperativa del Mangle Veracruzano, acompa\u00f1ado de Flor Edith Acevedo Ruiz y otros pescadores, explic\u00f3 que la contaminaci\u00f3n se ha extendido a lo largo de distintas comunidades costeras, desde Coatzacoalcos hasta Tonal\u00e1, incluyendo Barrillas, Aguadulce y Las Palmitas.<\/p>\n<p>Detallaron que el problema se agrav\u00f3 tras el ingreso de un evento de norte entre el 5 y el 7 de abril, lo que provoc\u00f3 que el chapopote recalara en diversas zonas, da\u00f1ando redes y provocando la p\u00e9rdida de producto pesquero, ya que el pescado contaminado no es apto para consumo.<\/p>\n<p>\u201cLas redes quedaron inservibles y no pod\u00edamos recogerlas. El pescado ya no serv\u00eda. Hasta la fecha sigue apareciendo chapopote, aunque en menor cantidad\u201d, se\u00f1alaron.<\/p>\n<p>Los pescadores acusaron que, aunque se han realizado labores de limpieza, estas no han sido suficientes ni transparentes, pues aseguran que en algunos casos se ha dirigido a visitantes hacia zonas aparentemente limpias, ocultando \u00e1reas a\u00fan contaminadas.<\/p>\n<p>Asimismo, denunciaron exclusi\u00f3n de programas de apoyo como Bienpesca, ya que al ser considerados \u201cpescadores libres\u201d \u2014es decir, sin pertenecer formalmente a cooperativas con permisos oficiales\u2014 no han sido beneficiados, a pesar de depender directamente de la actividad.<\/p>\n<p>\u201cSomos m\u00e1s de 50 pescadores que no somos tomados en cuenta. Nos piden permisos que nunca nos han otorgado, pero s\u00ed nos exigen tr\u00e1mites y pagos. Mientras tanto, los apoyos solo llegan a las cooperativas\u201d, reclamaron.<\/p>\n<p>Indicaron que, ante la falta de ingresos por la ausencia de pesca, han tenido que endeudarse o realizar esfuerzos econ\u00f3micos para trasladarse a la capital del estado en busca de di\u00e1logo con la gobernadora, sin tener certeza de ser atendidos.<\/p>\n<p>\u201cNi siquiera tenemos para comer, pero hicimos el esfuerzo de venir para que nos escuchen. No ha habido apoyo, ni visitas de autoridades a nuestras comunidades\u201d, expresaron.<\/p>\n<p>Los manifestantes tambi\u00e9n acusaron omisi\u00f3n por parte de autoridades municipales, se\u00f1alando que pese a acercamientos previos, no han recibido atenci\u00f3n ni inclusi\u00f3n en labores de limpieza o programas emergentes.<\/p>\n<p>Finalmente, advirtieron que, de no recibir respuesta, continuar\u00e1n buscando mecanismos para visibilizar su situaci\u00f3n, al reiterar que la pesca \u2014su principal fuente de ingresos\u2014 permanece pr\u00e1cticamente paralizada debido a la contaminaci\u00f3n en el litoral veracruzano.<\/p>\n","protected":false},"excerpt":{"rendered":"<p>Dar\u00edo Pale Xalapa, Ver.- Pescadores provenientes de la congregaci\u00f3n de Tonal\u00e1, en el municipio de Agua Dulce, se manifestaron en la Plaza Lerdo para denunciar la persistente contaminaci\u00f3n en las costas del sur de Veracruz y la falta de apoyos por parte de autoridades estatales y federales. Durante la protesta, los inconformes exhibieron una red [&hellip;]<\/p>\n","protected":false},"author":2476,"featured_media":76541,"comment_status":"open","ping_status":"open","sticky":false,"template":"","format":"standard","meta":{"_jetpack_memberships_contains_paid_content":false,"footnotes":""},"categories":[2],"tags":[],"class_list":["post-76540","post","type-post","status-publish","format-standard","has-post-thumbnail","hentry","category-estado"],"jetpack_featured_media_url":"https:\/\/encuentroinformativo.com.mx\/wp-content\/uploads\/2026\/04\/IMG-20260429-WA01862.jpg","jetpack_sharing_enabled":true,"jetpack_likes_enabled":true,"amp_enabled":true,"_links":{"self":[{"href":"https:\/\/encuentroinformativo.com.mx\/index.php?rest_route=\/wp\/v2\/posts\/76540","targetHints":{"allow":["GET"]}}],"collection":[{"href":"https:\/\/encuentroinformativo.com.mx\/index.php?rest_route=\/wp\/v2\/posts"}],"about":[{"href":"https:\/\/encuentroinformativo.com.mx\/index.php?rest_route=\/wp\/v2\/types\/post"}],"author":[{"embeddable":true,"href":"https:\/\/encuentroinformativo.com.mx\/index.php?rest_route=\/wp\/v2\/users\/2476"}],"replies":[{"embeddable":true,"href":"https:\/\/encuentroinformativo.com.mx\/index.php?rest_route=%2Fwp%2Fv2%2Fcomments&post=76540"}],"version-history":[{"count":1,"href":"https:\/\/encuentroinformativo.com.mx\/index.php?rest_route=\/wp\/v2\/posts\/76540\/revisions"}],"predecessor-version":[{"id":76542,"href":"https:\/\/encuentroinformativo.com.mx\/index.php?rest_route=\/wp\/v2\/posts\/76540\/revisions\/76542"}],"wp:featuredmedia":[{"embeddable":true,"href":"https:\/\/encuentroinformativo.com.mx\/index.php?rest_route=\/wp\/v2\/media\/76541"}],"wp:attachment":[{"href":"https:\/\/encuentroinformativo.com.mx\/index.php?rest_route=%2Fwp%2Fv2%2Fmedia&parent=76540"}],"wp:term":[{"taxonomy":"category","embeddable":true,"href":"https:\/\/encuentroinformativo.com.mx\/index.php?rest_route=%2Fwp%2Fv2%2Fcategories&post=76540"},{"taxonomy":"post_tag","embeddable":true,"href":"https:\/\/encuentroinformativo.com.mx\/index.php?rest_route=%2Fwp%2Fv2%2Ftags&post=76540"}],"curies":[{"name":"wp","href":"https:\/\/api.w.org\/{rel}","templated":true}]}}