{"id":76543,"date":"2026-04-29T16:58:56","date_gmt":"2026-04-29T22:58:56","guid":{"rendered":"https:\/\/encuentroinformativo.com.mx\/?p=76543"},"modified":"2026-04-29T16:58:56","modified_gmt":"2026-04-29T22:58:56","slug":"realizaran-pasarela-de-moda-con-causa-pasitos-con-amor","status":"publish","type":"post","link":"https:\/\/encuentroinformativo.com.mx\/?p=76543","title":{"rendered":"Realizar\u00e1n pasarela de moda con causa &#8220;Pasitos con Amor&#8221;"},"content":{"rendered":"<p><strong>Alejandro \u00c1vila<\/strong><\/p>\n<p>Veracruz, Ver.- El pr\u00f3ximo 20 de mayo a las 5 de la tarde en el sal\u00f3n Kleps del municipio de Boca del R\u00edo, se realizar\u00e1 una pasarela de moda con causa denominada &#8220;Pasitos con Amor&#8221;.<\/p>\n<p>Los recaudado en este evento se destinar\u00e1n para ni\u00f1as y ni\u00f1os con discapacidad; dicha actividad est\u00e1 organizada por Roc\u00edo Ziaurriz, Letty Hern\u00e1ndez, Mar\u00eda de Jes\u00fas Lavalle, Karina Guzm\u00e1n y Bel\u00e9n Palmeros.<\/p>\n<p>Pasitos con Amor reunir\u00e1 a mam\u00e1s e hijos en una emotiva pasarela cuya recaudaci\u00f3n ser\u00e1 destinada a la adquisici\u00f3n de aparatos funcionales como sillas de ruedas, lentes, auxiliares auditivos y dispositivos de movilidad asistida, en beneficio de ni\u00f1as y ni\u00f1os atendidos por Un Mundo Unido para Ayudar A.C., Fundaci\u00f3n CBRO y Club Rotario Costa Diamante Veracruz.<\/p>\n<p>Este evento tendr\u00e1 un costo de 250 pesos; la pasarela contar\u00e1 con dise\u00f1os de Martinique Boutique, accesorios de Domitila, la participaci\u00f3n especial de la cantante Isabella Perdomo, ambientaci\u00f3n de DJ Euphoria Glitch, y ser\u00e1 conducida por los talentos veracruzanos Julio C\u00e9sar Mej\u00eda y Kary Cort\u00e9s.<\/p>\n","protected":false},"excerpt":{"rendered":"<p>Alejandro \u00c1vila Veracruz, Ver.- El pr\u00f3ximo 20 de mayo a las 5 de la tarde en el sal\u00f3n Kleps del municipio de Boca del R\u00edo, se realizar\u00e1 una pasarela de moda con causa denominada &#8220;Pasitos con Amor&#8221;. Los recaudado en este evento se destinar\u00e1n para ni\u00f1as y ni\u00f1os con discapacidad; dicha actividad est\u00e1 organizada por [&hellip;]<\/p>\n","protected":false},"author":2476,"featured_media":76544,"comment_status":"open","ping_status":"open","sticky":false,"template":"","format":"standard","meta":{"_jetpack_memberships_contains_paid_content":false,"footnotes":""},"categories":[2],"tags":[],"class_list":["post-76543","post","type-post","status-publish","format-standard","has-post-thumbnail","hentry","category-estado"],"jetpack_featured_media_url":"https:\/\/encuentroinformativo.com.mx\/wp-content\/uploads\/2026\/04\/IMG-20260429-WA03182.jpg","jetpack_sharing_enabled":true,"jetpack_likes_enabled":true,"amp_enabled":true,"_links":{"self":[{"href":"https:\/\/encuentroinformativo.com.mx\/index.php?rest_route=\/wp\/v2\/posts\/76543","targetHints":{"allow":["GET"]}}],"collection":[{"href":"https:\/\/encuentroinformativo.com.mx\/index.php?rest_route=\/wp\/v2\/posts"}],"about":[{"href":"https:\/\/encuentroinformativo.com.mx\/index.php?rest_route=\/wp\/v2\/types\/post"}],"author":[{"embeddable":true,"href":"https:\/\/encuentroinformativo.com.mx\/index.php?rest_route=\/wp\/v2\/users\/2476"}],"replies":[{"embeddable":true,"href":"https:\/\/encuentroinformativo.com.mx\/index.php?rest_route=%2Fwp%2Fv2%2Fcomments&post=76543"}],"version-history":[{"count":1,"href":"https:\/\/encuentroinformativo.com.mx\/index.php?rest_route=\/wp\/v2\/posts\/76543\/revisions"}],"predecessor-version":[{"id":76545,"href":"https:\/\/encuentroinformativo.com.mx\/index.php?rest_route=\/wp\/v2\/posts\/76543\/revisions\/76545"}],"wp:featuredmedia":[{"embeddable":true,"href":"https:\/\/encuentroinformativo.com.mx\/index.php?rest_route=\/wp\/v2\/media\/76544"}],"wp:attachment":[{"href":"https:\/\/encuentroinformativo.com.mx\/index.php?rest_route=%2Fwp%2Fv2%2Fmedia&parent=76543"}],"wp:term":[{"taxonomy":"category","embeddable":true,"href":"https:\/\/encuentroinformativo.com.mx\/index.php?rest_route=%2Fwp%2Fv2%2Fcategories&post=76543"},{"taxonomy":"post_tag","embeddable":true,"href":"https:\/\/encuentroinformativo.com.mx\/index.php?rest_route=%2Fwp%2Fv2%2Ftags&post=76543"}],"curies":[{"name":"wp","href":"https:\/\/api.w.org\/{rel}","templated":true}]}}