{"id":76558,"date":"2026-04-30T09:32:54","date_gmt":"2026-04-30T15:32:54","guid":{"rendered":"https:\/\/encuentroinformativo.com.mx\/?p=76558"},"modified":"2026-04-30T09:32:54","modified_gmt":"2026-04-30T15:32:54","slug":"concierto-de-martin-garrix-beneficio-al-sector-hotelero-cometur","status":"publish","type":"post","link":"https:\/\/encuentroinformativo.com.mx\/?p=76558","title":{"rendered":"Concierto de Mart\u00edn Garrix benefici\u00f3 al sector hotelero: COMETUR"},"content":{"rendered":"<p><strong>Alejandro \u00c1vila<\/strong><\/p>\n<p>Veracruz, Ver.- El concierto del DJ neerland\u00e9s Martin Garrix el pasado 18 de abril, fue un aliciente para el sector hotelero de la zona conurbada Veracruz &#8211; Boca del R\u00edo, mismo que se hab\u00eda visto afectado en Semana Santa por el derrame de hidrocarburos.<\/p>\n<p>El presidente del Consejo Metropolitano de Turismo (COMETUR), Sergio Lois Heredia dijo que, desde septiembre del 2025 la ocupaci\u00f3n hotelera no ha sido la m\u00ednima esperada en temporada baja, es por ello que eventos internacionales como el concierto en la Macroplaza del Malec\u00f3n ayudan mucho a que se fomente el turismo en la ciudad.<\/p>\n<p>&#8220;Que bueno que se realizan este tipo de eventos en Veracruz, yo creo que si cada fin de semana Veracruz tiene cosas que hacer, tiene Congresos, tiene eventos y est\u00e1 lleno de vida sobre todo en lo que son las temporadas bajas, pues ese tipo de cosas son las que van a ayudar al sector a salir de la crisis es la que estamos inmersos desde el pasado cuatrimestre. Desde el mes de septiembre el sector tur\u00edstico en Veracruz &#8211; Boca del R\u00edo trae una crisis bastante complicada en flujo de visitantes, sobre todo muy agudizada en lo que son las temporadas bajas, y este tipo de eventos en temporada baja yo creo que pueden ayudar a revertir la situaci\u00f3n&#8221;, expres\u00f3.<\/p>\n","protected":false},"excerpt":{"rendered":"<p>Alejandro \u00c1vila Veracruz, Ver.- El concierto del DJ neerland\u00e9s Martin Garrix el pasado 18 de abril, fue un aliciente para el sector hotelero de la zona conurbada Veracruz &#8211; Boca del R\u00edo, mismo que se hab\u00eda visto afectado en Semana Santa por el derrame de hidrocarburos. El presidente del Consejo Metropolitano de Turismo (COMETUR), Sergio [&hellip;]<\/p>\n","protected":false},"author":2476,"featured_media":76559,"comment_status":"open","ping_status":"open","sticky":false,"template":"","format":"standard","meta":{"_jetpack_memberships_contains_paid_content":false,"footnotes":""},"categories":[2],"tags":[],"class_list":["post-76558","post","type-post","status-publish","format-standard","has-post-thumbnail","hentry","category-estado"],"jetpack_featured_media_url":"https:\/\/encuentroinformativo.com.mx\/wp-content\/uploads\/2026\/04\/FB_IMG_17775629498602.jpg","jetpack_sharing_enabled":true,"jetpack_likes_enabled":true,"amp_enabled":true,"_links":{"self":[{"href":"https:\/\/encuentroinformativo.com.mx\/index.php?rest_route=\/wp\/v2\/posts\/76558","targetHints":{"allow":["GET"]}}],"collection":[{"href":"https:\/\/encuentroinformativo.com.mx\/index.php?rest_route=\/wp\/v2\/posts"}],"about":[{"href":"https:\/\/encuentroinformativo.com.mx\/index.php?rest_route=\/wp\/v2\/types\/post"}],"author":[{"embeddable":true,"href":"https:\/\/encuentroinformativo.com.mx\/index.php?rest_route=\/wp\/v2\/users\/2476"}],"replies":[{"embeddable":true,"href":"https:\/\/encuentroinformativo.com.mx\/index.php?rest_route=%2Fwp%2Fv2%2Fcomments&post=76558"}],"version-history":[{"count":1,"href":"https:\/\/encuentroinformativo.com.mx\/index.php?rest_route=\/wp\/v2\/posts\/76558\/revisions"}],"predecessor-version":[{"id":76560,"href":"https:\/\/encuentroinformativo.com.mx\/index.php?rest_route=\/wp\/v2\/posts\/76558\/revisions\/76560"}],"wp:featuredmedia":[{"embeddable":true,"href":"https:\/\/encuentroinformativo.com.mx\/index.php?rest_route=\/wp\/v2\/media\/76559"}],"wp:attachment":[{"href":"https:\/\/encuentroinformativo.com.mx\/index.php?rest_route=%2Fwp%2Fv2%2Fmedia&parent=76558"}],"wp:term":[{"taxonomy":"category","embeddable":true,"href":"https:\/\/encuentroinformativo.com.mx\/index.php?rest_route=%2Fwp%2Fv2%2Fcategories&post=76558"},{"taxonomy":"post_tag","embeddable":true,"href":"https:\/\/encuentroinformativo.com.mx\/index.php?rest_route=%2Fwp%2Fv2%2Ftags&post=76558"}],"curies":[{"name":"wp","href":"https:\/\/api.w.org\/{rel}","templated":true}]}}