{"id":76576,"date":"2026-04-30T14:25:14","date_gmt":"2026-04-30T20:25:14","guid":{"rendered":"https:\/\/encuentroinformativo.com.mx\/?p=76576"},"modified":"2026-04-30T14:25:14","modified_gmt":"2026-04-30T20:25:14","slug":"anuncian-pambazoton-en-carnaval-de-la-seis-de-enero","status":"publish","type":"post","link":"https:\/\/encuentroinformativo.com.mx\/?p=76576","title":{"rendered":"Anuncian Pambazot\u00f3n en carnaval de la Seis de Enero"},"content":{"rendered":"<p><strong>Dar\u00edo Pale<\/strong><\/p>\n<p>Xalapa, Ver.- Con el objetivo de rescatar tradiciones, fomentar la convivencia y detonar la econom\u00eda local, el comit\u00e9 organizador del carnaval de la congregaci\u00f3n Seis de Enero anunci\u00f3 la realizaci\u00f3n de su primera edici\u00f3n del \u201cPambazot\u00f3n\u201d, as\u00ed como las actividades del carnaval que se llevar\u00e1n a cabo los d\u00edas 2 y 3 de mayo.<\/p>\n<p>En conferencia de prensa, Ver\u00f3nica Vel\u00e1zquez Armenta, presidenta del comit\u00e9 del carnaval, extendi\u00f3 la invitaci\u00f3n a la poblaci\u00f3n en general para asistir a este evento, que se desarrollar\u00e1 a aproximadamente 20 o 25 minutos de la capital veracruzana.<\/p>\n<p>Explic\u00f3 que el \u201cPambazot\u00f3n\u201d ser\u00e1 una de las principales atracciones, con la meta de reunir 2 mil 500 pambazos, por lo que hizo un llamado a empresarios y ciudadanos a sumarse mediante donaciones. Se\u00f1al\u00f3 que habr\u00e1 una amplia variedad de este platillo tradicional, con opciones como pollo, jam\u00f3n y chorizo con frijol, entre otros.<\/p>\n<p>Vel\u00e1zquez Armenta destac\u00f3 que esta es la primera edici\u00f3n del \u201cPambazot\u00f3n\u201d y que su degustaci\u00f3n ser\u00e1 completamente gratuita para los asistentes, al igual que todas las actividades del carnaval.<\/p>\n<p>Respecto al carnaval, indic\u00f3 que se trata de una tradici\u00f3n que buscan retomar en la congregaci\u00f3n, luego de que durante a\u00f1os se dejara de realizar. Detall\u00f3 que esta ser\u00e1 la cuarta ocasi\u00f3n en que se organiza en su nueva etapa, con la participaci\u00f3n de entre 40 y 50 personas disfrazadas, adem\u00e1s de invitados de comunidades aleda\u00f1as.<\/p>\n<p>Los participantes portar\u00e1n trajes t\u00edpicos y m\u00e1scaras elaboradas en madera, inspiradas principalmente en animales de la regi\u00f3n, como toros, que forman parte de la historia ganadera de la zona.<\/p>\n<p>Las actividades iniciar\u00e1n el s\u00e1bado 2 de mayo a las 15:00 horas con danzas por toda la congregaci\u00f3n, acompa\u00f1adas de banda de viento. Posteriormente se llevar\u00e1 a cabo la coronaci\u00f3n de la Corte Real, incluyendo al Rey de la Alegr\u00eda.<\/p>\n<p>Para el domingo 3 de mayo se realizar\u00e1 el \u201cPambazot\u00f3n\u201d, evento que se espera atraiga a un mayor n\u00famero de visitantes tanto de Xalapa como de municipios cercanos.<\/p>\n<p>El comit\u00e9 organizador estima una asistencia de al menos 4 mil personas durante ambos d\u00edas, cifra superior a la registrada el a\u00f1o pasado, cuando acudieron entre 2 mil y 2 mil 500 asistentes.<\/p>\n<p>Finalmente, los organizadores agradecieron el respaldo del gobierno municipal y estatal para la realizaci\u00f3n del evento, el cual, se\u00f1alaron, tambi\u00e9n contribuir\u00e1 a generar derrama econ\u00f3mica en la zona, beneficiando a locatarios, comerciantes y productores locales que ofrecer\u00e1n alimentos y productos como caf\u00e9, miel y granola.<\/p>\n<p>En la presentaci\u00f3n tambi\u00e9n participaron integrantes del comit\u00e9 organizador como Jairo Mart\u00ednez y \u00d3scar Huerta, quienes reiteraron la invitaci\u00f3n a disfrutar de esta celebraci\u00f3n que promete \u201cser pura fiesta\u201d para todas las familias.<\/p>\n","protected":false},"excerpt":{"rendered":"<p>Dar\u00edo Pale Xalapa, Ver.- Con el objetivo de rescatar tradiciones, fomentar la convivencia y detonar la econom\u00eda local, el comit\u00e9 organizador del carnaval de la congregaci\u00f3n Seis de Enero anunci\u00f3 la realizaci\u00f3n de su primera edici\u00f3n del \u201cPambazot\u00f3n\u201d, as\u00ed como las actividades del carnaval que se llevar\u00e1n a cabo los d\u00edas 2 y 3 de [&hellip;]<\/p>\n","protected":false},"author":2476,"featured_media":76577,"comment_status":"open","ping_status":"open","sticky":false,"template":"","format":"standard","meta":{"_jetpack_memberships_contains_paid_content":false,"footnotes":""},"categories":[8],"tags":[],"class_list":["post-76576","post","type-post","status-publish","format-standard","has-post-thumbnail","hentry","category-region"],"jetpack_featured_media_url":"https:\/\/encuentroinformativo.com.mx\/wp-content\/uploads\/2026\/04\/IMG-20260430-WA03062.jpg","jetpack_sharing_enabled":true,"jetpack_likes_enabled":true,"amp_enabled":true,"_links":{"self":[{"href":"https:\/\/encuentroinformativo.com.mx\/index.php?rest_route=\/wp\/v2\/posts\/76576","targetHints":{"allow":["GET"]}}],"collection":[{"href":"https:\/\/encuentroinformativo.com.mx\/index.php?rest_route=\/wp\/v2\/posts"}],"about":[{"href":"https:\/\/encuentroinformativo.com.mx\/index.php?rest_route=\/wp\/v2\/types\/post"}],"author":[{"embeddable":true,"href":"https:\/\/encuentroinformativo.com.mx\/index.php?rest_route=\/wp\/v2\/users\/2476"}],"replies":[{"embeddable":true,"href":"https:\/\/encuentroinformativo.com.mx\/index.php?rest_route=%2Fwp%2Fv2%2Fcomments&post=76576"}],"version-history":[{"count":1,"href":"https:\/\/encuentroinformativo.com.mx\/index.php?rest_route=\/wp\/v2\/posts\/76576\/revisions"}],"predecessor-version":[{"id":76578,"href":"https:\/\/encuentroinformativo.com.mx\/index.php?rest_route=\/wp\/v2\/posts\/76576\/revisions\/76578"}],"wp:featuredmedia":[{"embeddable":true,"href":"https:\/\/encuentroinformativo.com.mx\/index.php?rest_route=\/wp\/v2\/media\/76577"}],"wp:attachment":[{"href":"https:\/\/encuentroinformativo.com.mx\/index.php?rest_route=%2Fwp%2Fv2%2Fmedia&parent=76576"}],"wp:term":[{"taxonomy":"category","embeddable":true,"href":"https:\/\/encuentroinformativo.com.mx\/index.php?rest_route=%2Fwp%2Fv2%2Fcategories&post=76576"},{"taxonomy":"post_tag","embeddable":true,"href":"https:\/\/encuentroinformativo.com.mx\/index.php?rest_route=%2Fwp%2Fv2%2Ftags&post=76576"}],"curies":[{"name":"wp","href":"https:\/\/api.w.org\/{rel}","templated":true}]}}