{"id":76583,"date":"2026-04-30T18:46:34","date_gmt":"2026-05-01T00:46:34","guid":{"rendered":"https:\/\/encuentroinformativo.com.mx\/?p=76583"},"modified":"2026-04-30T18:46:34","modified_gmt":"2026-05-01T00:46:34","slug":"conmemora-gobierno-de-veracruz-el-163-aniversario-de-la-batalla-de-camaron","status":"publish","type":"post","link":"https:\/\/encuentroinformativo.com.mx\/?p=76583","title":{"rendered":"Conmemora Gobierno de Veracruz el 163 aniversario de la Batalla de Camar\u00f3n"},"content":{"rendered":"<p><strong>* S\u00edmbolo de valent\u00eda y resistencia que une la memoria de M\u00e9xico y Francia.<\/strong><\/p>\n<p>Camar\u00f3n de Tejeda, Ver.\u2013 El Gobierno de Veracruz conmemor\u00f3 el 163 aniversario de la Batalla de Camar\u00f3n, una de las gestas m\u00e1s emblem\u00e1ticas de la historia nacional, acto que reuni\u00f3 a autoridades civiles y militares, as\u00ed como a representantes diplom\u00e1ticos de Francia.<\/p>\n<p>En el marco de los 200 a\u00f1os de relaciones diplom\u00e1ticas entre M\u00e9xico y Francia, se realizaron actos c\u00edvicos y guardias de honor en el Obelisco a los H\u00e9roes Mexicanos, en la tumba del coronel Francisco Talavera y en el monumento al coronel Francisco de Paula Mil\u00e1n.<\/p>\n<p>Posteriormente, las autoridades encabezaron la guardia de honor en el Mausoleo Franco-Mexicano, donde se rindi\u00f3 homenaje a los ca\u00eddos de ambas naciones; la conmemoraci\u00f3n concluy\u00f3 con un Desfile c\u00edvico-militar con la participaci\u00f3n de fuerzas armadas, instituciones educativas y organizaciones civiles.<\/p>\n<p>En representaci\u00f3n de la gobernadora Roc\u00edo Nahle Garc\u00eda, el secretario de Gobierno, Ricardo Ahued Bardahuil, encabez\u00f3 la ceremonia y afirm\u00f3 que no es s\u00f3lo un acto protocolario, \u201ces reafirmar los valores de lealtad, sacrificio y dignidad que siguen vigentes en nuestra sociedad\u201d.<\/p>\n<p>Acompa\u00f1ado por la embajadora de Francia en M\u00e9xico, Delphine Borione, y el c\u00f3nsul general, Vincent Perrin, destac\u00f3 que \u201cm\u00e1s all\u00e1 de la confrontaci\u00f3n entre ej\u00e9rcitos, aqu\u00ed se recuerda c\u00f3mo las comunidades construyeron lazos de hermandad. En Camar\u00f3n y en San Rafael existen ra\u00edces compartidas entre mexicanos y franceses que dieron ejemplo de solidaridad, humildad y atenci\u00f3n a los heridos\u201d, expres\u00f3.<\/p>\n<p>A\u00f1adi\u00f3 que este legado refleja el car\u00e1cter del pueblo mexicano, particularmente en esta regi\u00f3n, donde hist\u00f3ricamente se ha demostrado hospitalidad y sentido humanitario incluso en contextos adversos.<\/p>\n<p>El acto cont\u00f3 con la presencia de autoridades diplom\u00e1ticas francesas, entre ellas el agregado militar Philippe Bauzon; el representante de la Legi\u00f3n Extranjera, Vladimir Trouchtchinski; la c\u00f3nsul honoraria en Veracruz, Lydie Marques, y representaci\u00f3n del Ministerio de Defensa de Francia, el general de brigada J\u00ebrome Theiller.<\/p>\n<p>Por parte de M\u00e9xico asistieron mandos de las Fuerzas Armadas y autoridades de los tres Poderes, as\u00ed como la presidenta municipal de Camar\u00f3n de Tejeda, Susana Guadalupe Ameca Parissi.<\/p>\n","protected":false},"excerpt":{"rendered":"<p>* S\u00edmbolo de valent\u00eda y resistencia que une la memoria de M\u00e9xico y Francia. Camar\u00f3n de Tejeda, Ver.\u2013 El Gobierno de Veracruz conmemor\u00f3 el 163 aniversario de la Batalla de Camar\u00f3n, una de las gestas m\u00e1s emblem\u00e1ticas de la historia nacional, acto que reuni\u00f3 a autoridades civiles y militares, as\u00ed como a representantes diplom\u00e1ticos de [&hellip;]<\/p>\n","protected":false},"author":2476,"featured_media":76584,"comment_status":"open","ping_status":"open","sticky":false,"template":"","format":"standard","meta":{"_jetpack_memberships_contains_paid_content":false,"footnotes":""},"categories":[2],"tags":[],"class_list":["post-76583","post","type-post","status-publish","format-standard","has-post-thumbnail","hentry","category-estado"],"jetpack_featured_media_url":"https:\/\/encuentroinformativo.com.mx\/wp-content\/uploads\/2026\/04\/IMG-20260430-WA0322.jpg","jetpack_sharing_enabled":true,"jetpack_likes_enabled":true,"amp_enabled":true,"_links":{"self":[{"href":"https:\/\/encuentroinformativo.com.mx\/index.php?rest_route=\/wp\/v2\/posts\/76583","targetHints":{"allow":["GET"]}}],"collection":[{"href":"https:\/\/encuentroinformativo.com.mx\/index.php?rest_route=\/wp\/v2\/posts"}],"about":[{"href":"https:\/\/encuentroinformativo.com.mx\/index.php?rest_route=\/wp\/v2\/types\/post"}],"author":[{"embeddable":true,"href":"https:\/\/encuentroinformativo.com.mx\/index.php?rest_route=\/wp\/v2\/users\/2476"}],"replies":[{"embeddable":true,"href":"https:\/\/encuentroinformativo.com.mx\/index.php?rest_route=%2Fwp%2Fv2%2Fcomments&post=76583"}],"version-history":[{"count":1,"href":"https:\/\/encuentroinformativo.com.mx\/index.php?rest_route=\/wp\/v2\/posts\/76583\/revisions"}],"predecessor-version":[{"id":76585,"href":"https:\/\/encuentroinformativo.com.mx\/index.php?rest_route=\/wp\/v2\/posts\/76583\/revisions\/76585"}],"wp:featuredmedia":[{"embeddable":true,"href":"https:\/\/encuentroinformativo.com.mx\/index.php?rest_route=\/wp\/v2\/media\/76584"}],"wp:attachment":[{"href":"https:\/\/encuentroinformativo.com.mx\/index.php?rest_route=%2Fwp%2Fv2%2Fmedia&parent=76583"}],"wp:term":[{"taxonomy":"category","embeddable":true,"href":"https:\/\/encuentroinformativo.com.mx\/index.php?rest_route=%2Fwp%2Fv2%2Fcategories&post=76583"},{"taxonomy":"post_tag","embeddable":true,"href":"https:\/\/encuentroinformativo.com.mx\/index.php?rest_route=%2Fwp%2Fv2%2Ftags&post=76583"}],"curies":[{"name":"wp","href":"https:\/\/api.w.org\/{rel}","templated":true}]}}