{"id":76586,"date":"2026-04-30T19:23:56","date_gmt":"2026-05-01T01:23:56","guid":{"rendered":"https:\/\/encuentroinformativo.com.mx\/?p=76586"},"modified":"2026-04-30T19:23:56","modified_gmt":"2026-05-01T01:23:56","slug":"inicia-registro-para-personas-interesadas-en-ser-consejeras-electorales-del-consejo-local-del-ine","status":"publish","type":"post","link":"https:\/\/encuentroinformativo.com.mx\/?p=76586","title":{"rendered":"Inicia registro para personas interesadas en ser Consejeras Electorales del Consejo Local del INE"},"content":{"rendered":"<p>Xalapa, Ver.- El Delegado del Instituto Nacional Electoral en el Estado de Veracruz, Sergio Vera Olvera, inform\u00f3 que, a partir del primero de mayo, las personas interesadas en participar en el proceso de selecci\u00f3n de Consejeras y Consejeros Electorales para el Consejo Local en la entidad podr\u00e1n realizar su registro en l\u00ednea a trav\u00e9s del portal institucional ine.mx.<\/p>\n<p>Especific\u00f3 que el sistema de registro permanecer\u00e1 abierto hasta el 15 de mayo. En este mismo periodo, las personas aspirantes deber\u00e1n acudir a la Junta Local o a alguna de las 19 Juntas Distritales Ejecutivas del INE en el Estado de Veracruz para presentar los documentos originales que cargaron previamente a trav\u00e9s del portal institucional, a fin de que sean cotejados.<\/p>\n<p>Vera Olvera expres\u00f3 que, en el marco de la difusi\u00f3n de la Convocatoria, el Instituto hace un llamado para que los grupos que hist\u00f3ricamente han sido excluidos de los espacios p\u00fablicos se sumen a este proceso de selecci\u00f3n.<\/p>\n<p>\u201cRecordemos que una consejera o consejero electoral representa a la ciudadan\u00eda ante el \u00d3rgano Electoral, esta figura es fundamental toda vez que son las \u00fanicas personas con voz y voto\u201d, complement\u00f3.<\/p>\n<p>Destac\u00f3 que es importante escuchar la experiencia y la perspectiva diversa que permite construir procesos electorales m\u00e1s incluyentes, justos, accesibles y representativos.<\/p>\n<p>\u201cEsta semana sostuvimos dos reuniones importantes: la primera con la asociaci\u00f3n ENSE\u00d1AS A.C., para difundir la Convocatoria entre la poblaci\u00f3n con discapacidad visual y con discapacidad auditiva; y, la segunda, con el Consejo Consultivo Estatal para el Desarrollo Integral de los Pueblos y Comunidades Ind\u00edgenas\u201d.<\/p>\n<p>La democracia se construye con participaci\u00f3n, inclusi\u00f3n y diversidad.<br \/>\n\u00a1Tu voz importa, participa!<\/p>\n<p>&nbsp;<\/p>\n","protected":false},"excerpt":{"rendered":"<p>Xalapa, Ver.- El Delegado del Instituto Nacional Electoral en el Estado de Veracruz, Sergio Vera Olvera, inform\u00f3 que, a partir del primero de mayo, las personas interesadas en participar en el proceso de selecci\u00f3n de Consejeras y Consejeros Electorales para el Consejo Local en la entidad podr\u00e1n realizar su registro en l\u00ednea a trav\u00e9s del [&hellip;]<\/p>\n","protected":false},"author":2476,"featured_media":76587,"comment_status":"open","ping_status":"open","sticky":false,"template":"","format":"standard","meta":{"_jetpack_memberships_contains_paid_content":false,"footnotes":""},"categories":[2],"tags":[],"class_list":["post-76586","post","type-post","status-publish","format-standard","has-post-thumbnail","hentry","category-estado"],"jetpack_featured_media_url":"https:\/\/encuentroinformativo.com.mx\/wp-content\/uploads\/2026\/04\/IMG-20260430-WA03462.jpg","jetpack_sharing_enabled":true,"jetpack_likes_enabled":true,"amp_enabled":true,"_links":{"self":[{"href":"https:\/\/encuentroinformativo.com.mx\/index.php?rest_route=\/wp\/v2\/posts\/76586","targetHints":{"allow":["GET"]}}],"collection":[{"href":"https:\/\/encuentroinformativo.com.mx\/index.php?rest_route=\/wp\/v2\/posts"}],"about":[{"href":"https:\/\/encuentroinformativo.com.mx\/index.php?rest_route=\/wp\/v2\/types\/post"}],"author":[{"embeddable":true,"href":"https:\/\/encuentroinformativo.com.mx\/index.php?rest_route=\/wp\/v2\/users\/2476"}],"replies":[{"embeddable":true,"href":"https:\/\/encuentroinformativo.com.mx\/index.php?rest_route=%2Fwp%2Fv2%2Fcomments&post=76586"}],"version-history":[{"count":1,"href":"https:\/\/encuentroinformativo.com.mx\/index.php?rest_route=\/wp\/v2\/posts\/76586\/revisions"}],"predecessor-version":[{"id":76588,"href":"https:\/\/encuentroinformativo.com.mx\/index.php?rest_route=\/wp\/v2\/posts\/76586\/revisions\/76588"}],"wp:featuredmedia":[{"embeddable":true,"href":"https:\/\/encuentroinformativo.com.mx\/index.php?rest_route=\/wp\/v2\/media\/76587"}],"wp:attachment":[{"href":"https:\/\/encuentroinformativo.com.mx\/index.php?rest_route=%2Fwp%2Fv2%2Fmedia&parent=76586"}],"wp:term":[{"taxonomy":"category","embeddable":true,"href":"https:\/\/encuentroinformativo.com.mx\/index.php?rest_route=%2Fwp%2Fv2%2Fcategories&post=76586"},{"taxonomy":"post_tag","embeddable":true,"href":"https:\/\/encuentroinformativo.com.mx\/index.php?rest_route=%2Fwp%2Fv2%2Ftags&post=76586"}],"curies":[{"name":"wp","href":"https:\/\/api.w.org\/{rel}","templated":true}]}}