{"id":76591,"date":"2026-05-01T11:38:17","date_gmt":"2026-05-01T17:38:17","guid":{"rendered":"https:\/\/encuentroinformativo.com.mx\/?p=76591"},"modified":"2026-05-01T11:38:17","modified_gmt":"2026-05-01T17:38:17","slug":"prevalece-unidad-entre-trabajadores-y-autoridades-gobernadora","status":"publish","type":"post","link":"https:\/\/encuentroinformativo.com.mx\/?p=76591","title":{"rendered":"Prevalece unidad entre trabajadores y autoridades: Gobernadora"},"content":{"rendered":"<p><strong>Dar\u00edo Pale<\/strong><\/p>\n<p>Xalapa, Ver.- En el marco del D\u00eda del Trabajo, la gobernadora de Veracruz, Norma Roc\u00edo Nahle Garc\u00eda, destac\u00f3 la unidad entre trabajadores y autoridades, al tiempo que anunci\u00f3 avances en materia laboral y proyectos de transporte p\u00fablico para distintas regiones del estado.<\/p>\n<p>Previo al inicio del desfile conmemorativo, la mandataria estatal inform\u00f3 que sostuvo un encuentro con l\u00edderes sindicales, a quienes reconoci\u00f3 como parte fundamental del desarrollo de la entidad.<\/p>\n<p>\u201cTenemos un pueblo maravilloso y trabajadores de primera. En Veracruz somos muy trabajadores y esta es una prueba de eso\u201d, expres\u00f3.<\/p>\n<p>Nahle Garc\u00eda subray\u00f3 que su administraci\u00f3n mantiene como prioridad garantizar salarios y jornadas laborales justas, as\u00ed como condiciones dignas en los espacios de trabajo.<\/p>\n<p>En ese sentido, enfatiz\u00f3 que la construcci\u00f3n del estado es una tarea colectiva, en la que participan tanto gobierno como sociedad.<\/p>\n<p>\u201cAs\u00ed se construye el estado, no es nada m\u00e1s de una persona, es de todos diciendo: estamos para ayudar, queremos colaborar y seguir construyendo nuestro estado maravilloso\u201d, se\u00f1al\u00f3.<\/p>\n<p>En cuanto a temas laborales pendientes, la gobernadora indic\u00f3 que, con apoyo de las secretar\u00edas del Trabajo y de Gobierno, se avanza en la regularizaci\u00f3n de trabajadores que anteriormente no contaban con contratos formales.<\/p>\n<p>Detall\u00f3 que ya comenzaron los pagos correspondientes y que en el transcurso de esta semana se iniciar\u00e1 la firma de contratos.<\/p>\n<p>\u201cAyer habl\u00e9 con el subsecretario que me est\u00e1 ayudando, empiezan a firmar ya contratos; ellos ni siquiera ten\u00edan antes. Ahora ya van a tener contratos y esta semana empiezan a formalizarse\u201d, puntualiz\u00f3.<\/p>\n<p>En otro tema, anunci\u00f3 la gesti\u00f3n de nuevas unidades de transporte p\u00fablico para los municipios de Xalapa y Poza Rica. Precis\u00f3 que se est\u00e1n solicitando 60 camiones para la capital del estado y 40 para la zona norte, los cuales podr\u00edan entrar en operaci\u00f3n a partir de octubre.<\/p>\n<p>Finalmente, reiter\u00f3 su compromiso con los trabajadores veracruzanos, asegurando que las demandas en materia de vivienda, salud, empleo y comunicaciones contin\u00faan siendo atendidas por su gobierno.<\/p>\n","protected":false},"excerpt":{"rendered":"<p>Dar\u00edo Pale Xalapa, Ver.- En el marco del D\u00eda del Trabajo, la gobernadora de Veracruz, Norma Roc\u00edo Nahle Garc\u00eda, destac\u00f3 la unidad entre trabajadores y autoridades, al tiempo que anunci\u00f3 avances en materia laboral y proyectos de transporte p\u00fablico para distintas regiones del estado. Previo al inicio del desfile conmemorativo, la mandataria estatal inform\u00f3 que [&hellip;]<\/p>\n","protected":false},"author":2476,"featured_media":76592,"comment_status":"open","ping_status":"open","sticky":false,"template":"","format":"standard","meta":{"_jetpack_memberships_contains_paid_content":false,"footnotes":""},"categories":[2],"tags":[],"class_list":["post-76591","post","type-post","status-publish","format-standard","has-post-thumbnail","hentry","category-estado"],"jetpack_featured_media_url":"https:\/\/encuentroinformativo.com.mx\/wp-content\/uploads\/2026\/05\/IMG-20260501-WA00561.jpg","jetpack_sharing_enabled":true,"jetpack_likes_enabled":true,"amp_enabled":true,"_links":{"self":[{"href":"https:\/\/encuentroinformativo.com.mx\/index.php?rest_route=\/wp\/v2\/posts\/76591","targetHints":{"allow":["GET"]}}],"collection":[{"href":"https:\/\/encuentroinformativo.com.mx\/index.php?rest_route=\/wp\/v2\/posts"}],"about":[{"href":"https:\/\/encuentroinformativo.com.mx\/index.php?rest_route=\/wp\/v2\/types\/post"}],"author":[{"embeddable":true,"href":"https:\/\/encuentroinformativo.com.mx\/index.php?rest_route=\/wp\/v2\/users\/2476"}],"replies":[{"embeddable":true,"href":"https:\/\/encuentroinformativo.com.mx\/index.php?rest_route=%2Fwp%2Fv2%2Fcomments&post=76591"}],"version-history":[{"count":1,"href":"https:\/\/encuentroinformativo.com.mx\/index.php?rest_route=\/wp\/v2\/posts\/76591\/revisions"}],"predecessor-version":[{"id":76593,"href":"https:\/\/encuentroinformativo.com.mx\/index.php?rest_route=\/wp\/v2\/posts\/76591\/revisions\/76593"}],"wp:featuredmedia":[{"embeddable":true,"href":"https:\/\/encuentroinformativo.com.mx\/index.php?rest_route=\/wp\/v2\/media\/76592"}],"wp:attachment":[{"href":"https:\/\/encuentroinformativo.com.mx\/index.php?rest_route=%2Fwp%2Fv2%2Fmedia&parent=76591"}],"wp:term":[{"taxonomy":"category","embeddable":true,"href":"https:\/\/encuentroinformativo.com.mx\/index.php?rest_route=%2Fwp%2Fv2%2Fcategories&post=76591"},{"taxonomy":"post_tag","embeddable":true,"href":"https:\/\/encuentroinformativo.com.mx\/index.php?rest_route=%2Fwp%2Fv2%2Ftags&post=76591"}],"curies":[{"name":"wp","href":"https:\/\/api.w.org\/{rel}","templated":true}]}}