{"id":7660,"date":"2020-11-03T13:33:56","date_gmt":"2020-11-03T19:33:56","guid":{"rendered":"https:\/\/encuentroinformativo.com.mx\/?p=7660"},"modified":"2020-11-03T13:33:59","modified_gmt":"2020-11-03T19:33:59","slug":"pt-busca-alianza-total-en-veracruz","status":"publish","type":"post","link":"https:\/\/encuentroinformativo.com.mx\/?p=7660","title":{"rendered":"PT busca alianza total en Veracruz"},"content":{"rendered":"\n<p><strong>Juan Arcos <\/strong><\/p>\n\n\n\n<p>Xalapa, Ver.- El coordinador estatal del Partido del Trabajo (PT), Vicente Aguilar Aguilar, dio a conocer que se trabaja para consolidar una alianza con los partidos Movimiento de Regeneraci\u00f3n Nacional (Morena) y Partido Verde Ecologista de M\u00e9xico (PVEM), rumbo a los comicios de 2021.<\/p>\n\n\n\n<p>Detall\u00f3 que se busca una alianza total para las diputaciones locales y federales, as\u00ed como una alianza parcial para las alcald\u00edas, donde el PT encabece 80 o 90 candidaturas.<\/p>\n\n\n\n<p>\u201cAs\u00ed queremos ir, obviamente que falta todav\u00eda tiempo, nos queda m\u00e1s de mes y medio, esperamos que los amigos de Morena ya saquen su humo blanco y se pongan de acuerdo, porque hemos platicado con ellos, informalmente, tocando algunos temas, muy suave todav\u00eda, pero ya necesitamos saber c\u00f3mo vamos a ir\u201d.<\/p>\n\n\n\n<p>Agreg\u00f3 que los candidatos del PT -que ir\u00e1n solos, sin coalici\u00f3n electoral- ser\u00e1n seleccionados mediante una encuesta, un proceso interno que busca realizarse de manera democr\u00e1tica.<\/p>\n\n\n\n<p>\u201cPrimero, haremos una valoraci\u00f3n pol\u00edtica si traen mucha fuerza, y los dem\u00e1s en encuesta, eso es el PT, dentro de la alianza vamos a ver el m\u00e9todo, yo creo que tambi\u00e9n va a ser la encuesta, jugaremos con los mejores perfiles\u201d.<\/p>\n\n\n\n<p>El l\u00edder petista se dijo preocupado por lo sucedido en los estados de Coahuila e Hidalgo, donde el Partido Revolucionario Institucional (PRI) gan\u00f3 las recientes elecciones, mediante una alianza de \u201cfacto\u201d con el Partido Acci\u00f3n Nacional (PAN), toda vez que en Veracruz esos organismos pol\u00edticos tambi\u00e9n buscan concretar una coalici\u00f3n, junto con el Partido de la Revoluci\u00f3n Democr\u00e1tica (PRD).<\/p>\n\n\n\n<p>\u201cAqu\u00ed est\u00e1n luchando por unirse, nosotros tambi\u00e9n necesitamos estar unidos y tambi\u00e9n podr\u00edamos irnos en alianza total a nivel municipal (alcald\u00edas), siempre y cuando presten su voluntad los otros partidos y que sea con respeto\u201d.<\/p>\n\n\n\n<p>El coordinador estatal del Partido del Trabajo (PT), Vicente Aguilar Aguilar, dio a conocer que se trabaja para consolidar una alianza con los partidos Movimiento de Regeneraci\u00f3n Nacional (Morena) y Partido Verde Ecologista de M\u00e9xico (PVEM), rumbo a los comicios de 2021.<\/p>\n\n\n\n<p>Detall\u00f3 que se busca una alianza total para las diputaciones locales y federales, as\u00ed como una alianza parcial para las alcald\u00edas, donde el PT encabece 80 o 90 candidaturas.<\/p>\n\n\n\n<p>\u201cAs\u00ed queremos ir, obviamente que falta todav\u00eda tiempo, nos queda m\u00e1s de mes y medio, esperamos que los amigos de Morena ya saquen su humo blanco y se pongan de acuerdo, porque hemos platicado con ellos, informalmente, tocando algunos temas, muy suave todav\u00eda, pero ya necesitamos saber c\u00f3mo vamos a ir\u201d.<\/p>\n\n\n\n<p>Agreg\u00f3 que los candidatos del PT -que ir\u00e1n solos, sin coalici\u00f3n electoral- ser\u00e1n seleccionados mediante una encuesta, un proceso interno que busca realizarse de manera democr\u00e1tica.<\/p>\n\n\n\n<p>\u201cPrimero, haremos una valoraci\u00f3n pol\u00edtica si traen mucha fuerza, y los dem\u00e1s en encuesta, eso es el PT, dentro de la alianza vamos a ver el m\u00e9todo, yo creo que tambi\u00e9n va a ser la encuesta, jugaremos con los mejores perfiles\u201d.<\/p>\n\n\n\n<p>El l\u00edder petista se dijo preocupado por lo sucedido en los estados de Coahuila e Hidalgo, donde el Partido Revolucionario Institucional (PRI) gan\u00f3 las recientes elecciones, mediante una alianza de \u201cfacto\u201d con el Partido Acci\u00f3n Nacional (PAN), toda vez que en Veracruz esos organismos pol\u00edticos tambi\u00e9n buscan concretar una coalici\u00f3n, junto con el Partido de la Revoluci\u00f3n Democr\u00e1tica (PRD).<\/p>\n\n\n\n<p>\u201cAqu\u00ed est\u00e1n luchando por unirse, nosotros tambi\u00e9n necesitamos estar unidos y tambi\u00e9n podr\u00edamos irnos en alianza total a nivel municipal (alcald\u00edas), siempre y cuando presten su voluntad los otros partidos y que sea con respeto\u201d.<\/p>\n","protected":false},"excerpt":{"rendered":"<p>Juan Arcos Xalapa, Ver.- El coordinador estatal del Partido del Trabajo (PT), Vicente Aguilar Aguilar, dio a conocer que se trabaja para consolidar una alianza con los partidos Movimiento de Regeneraci\u00f3n Nacional (Morena) y Partido Verde Ecologista de M\u00e9xico (PVEM), rumbo a los comicios de 2021. Detall\u00f3 que se busca una alianza total para las [&hellip;]<\/p>\n","protected":false},"author":1,"featured_media":7661,"comment_status":"open","ping_status":"open","sticky":false,"template":"","format":"standard","meta":{"_jetpack_memberships_contains_paid_content":false,"footnotes":""},"categories":[2],"tags":[],"class_list":["post-7660","post","type-post","status-publish","format-standard","has-post-thumbnail","hentry","category-estado"],"jetpack_featured_media_url":"https:\/\/encuentroinformativo.com.mx\/wp-content\/uploads\/2020\/11\/873FA637-1E24-4CB3-8169-7EC6DD108ECE.jpeg","jetpack_sharing_enabled":true,"jetpack_likes_enabled":true,"amp_enabled":true,"_links":{"self":[{"href":"https:\/\/encuentroinformativo.com.mx\/index.php?rest_route=\/wp\/v2\/posts\/7660","targetHints":{"allow":["GET"]}}],"collection":[{"href":"https:\/\/encuentroinformativo.com.mx\/index.php?rest_route=\/wp\/v2\/posts"}],"about":[{"href":"https:\/\/encuentroinformativo.com.mx\/index.php?rest_route=\/wp\/v2\/types\/post"}],"author":[{"embeddable":true,"href":"https:\/\/encuentroinformativo.com.mx\/index.php?rest_route=\/wp\/v2\/users\/1"}],"replies":[{"embeddable":true,"href":"https:\/\/encuentroinformativo.com.mx\/index.php?rest_route=%2Fwp%2Fv2%2Fcomments&post=7660"}],"version-history":[{"count":1,"href":"https:\/\/encuentroinformativo.com.mx\/index.php?rest_route=\/wp\/v2\/posts\/7660\/revisions"}],"predecessor-version":[{"id":7662,"href":"https:\/\/encuentroinformativo.com.mx\/index.php?rest_route=\/wp\/v2\/posts\/7660\/revisions\/7662"}],"wp:featuredmedia":[{"embeddable":true,"href":"https:\/\/encuentroinformativo.com.mx\/index.php?rest_route=\/wp\/v2\/media\/7661"}],"wp:attachment":[{"href":"https:\/\/encuentroinformativo.com.mx\/index.php?rest_route=%2Fwp%2Fv2%2Fmedia&parent=7660"}],"wp:term":[{"taxonomy":"category","embeddable":true,"href":"https:\/\/encuentroinformativo.com.mx\/index.php?rest_route=%2Fwp%2Fv2%2Fcategories&post=7660"},{"taxonomy":"post_tag","embeddable":true,"href":"https:\/\/encuentroinformativo.com.mx\/index.php?rest_route=%2Fwp%2Fv2%2Ftags&post=7660"}],"curies":[{"name":"wp","href":"https:\/\/api.w.org\/{rel}","templated":true}]}}