{"id":7663,"date":"2020-11-03T13:41:45","date_gmt":"2020-11-03T19:41:45","guid":{"rendered":"https:\/\/encuentroinformativo.com.mx\/?p=7663"},"modified":"2020-11-03T13:41:48","modified_gmt":"2020-11-03T19:41:48","slug":"por-pandemia-aumento-demanda-de-alimentos-en-comedores","status":"publish","type":"post","link":"https:\/\/encuentroinformativo.com.mx\/?p=7663","title":{"rendered":"Por pandemia, aument\u00f3 demanda de alimentos en comedores"},"content":{"rendered":"\n<p><strong>Juan Arcos <\/strong><\/p>\n\n\n\n<p>Coatepec, Ver.- M\u00e1s de 380 personas son atendidas al d\u00eda\u00a0en el comedor comunitario del Sistema para el Desarrollo Integral de la Familia (DIF) de Coatepec, ubicado sobre la calle Segunda de Aldama, n\u00famero 16, de la zona centro.<\/p>\n\n\n\n<p>De acuerdo con Luz Mar\u00eda Camacho, encargada del comedor, la demanda de alimentos aument\u00f3 m\u00e1s de 200 por ciento en dicho lugar, durante la pandemia del SARS-COV-2 (COVID-19).<\/p>\n\n\n\n<p>El lugar hab\u00eda sido habilitado a finales de febrero pasado; sin embargo, a partir de marzo, cientos de personas acudieron en busca de comida.<\/p>\n\n\n\n<p>La entrevistada mencion\u00f3 que se brinda el apoyo a adultos mayores, personas de escasos recursos o madres y padres de familia que perdieron su empleo por la contingencia sanitaria.<\/p>\n\n\n\n<p>\u201cLa mayor\u00eda son personas de escasos recursos o vulnerables, abuelitos. Se les da su sopa, su guisado, arroz, agua de sabor y a veces hacemos atole\u201d.<\/p>\n\n\n\n<p>Record\u00f3 que han recibido donaciones en especie por parte de locatarios del mercado Miguel Rebolledo, empresarios, verduler\u00edas, panader\u00edas y ciudadanos, para preparar la comida y ayudar a quienes m\u00e1s lo necesitan, sobre todo en estos tiempos de crisis.<br>Luz Mar\u00eda Camacho refiri\u00f3 que tambi\u00e9n se ha apoyado con alimentos a migrantes centroamericano, provenientes de Guatemala y El Salvador.<\/p>\n\n\n\n<p>Adem\u00e1s, indic\u00f3 que el gobierno municipal de ha hecho cargo del comedor comunitario durante los \u00faltimos meses, toda vez que las donaciones en especie disminuyeron desde septiembre pasado.<\/p>\n\n\n\n<p>Son dos cocineras y seis personas m\u00e1s de apoyo quienes se encargan de brindar un buen servicio a la ciudadan\u00eda.<\/p>\n\n\n\n<p>Solo a las personas que no cuentan con una vivienda se les permite comer en dicho lugar, toda vez que se han acatado las medidas sanitarias para evitar la propagaci\u00f3n del coronavirus.<\/p>\n\n\n\n<p>Para ingresar la gente tiene que aplicarse gel antibacterial, usar cubrebocas y desinfectar la suela de sus zapatos en los tapetes colocados en la entrada.<\/p>\n","protected":false},"excerpt":{"rendered":"<p>Juan Arcos Coatepec, Ver.- M\u00e1s de 380 personas son atendidas al d\u00eda\u00a0en el comedor comunitario del Sistema para el Desarrollo Integral de la Familia (DIF) de Coatepec, ubicado sobre la calle Segunda de Aldama, n\u00famero 16, de la zona centro. De acuerdo con Luz Mar\u00eda Camacho, encargada del comedor, la demanda de alimentos aument\u00f3 m\u00e1s [&hellip;]<\/p>\n","protected":false},"author":1,"featured_media":7664,"comment_status":"open","ping_status":"open","sticky":false,"template":"","format":"standard","meta":{"_jetpack_memberships_contains_paid_content":false,"footnotes":""},"categories":[8],"tags":[],"class_list":["post-7663","post","type-post","status-publish","format-standard","has-post-thumbnail","hentry","category-region"],"jetpack_featured_media_url":"https:\/\/encuentroinformativo.com.mx\/wp-content\/uploads\/2020\/11\/7BED7CED-16D0-44B5-AA1D-6C72CB0A4649.jpeg","jetpack_sharing_enabled":true,"jetpack_likes_enabled":true,"amp_enabled":true,"_links":{"self":[{"href":"https:\/\/encuentroinformativo.com.mx\/index.php?rest_route=\/wp\/v2\/posts\/7663","targetHints":{"allow":["GET"]}}],"collection":[{"href":"https:\/\/encuentroinformativo.com.mx\/index.php?rest_route=\/wp\/v2\/posts"}],"about":[{"href":"https:\/\/encuentroinformativo.com.mx\/index.php?rest_route=\/wp\/v2\/types\/post"}],"author":[{"embeddable":true,"href":"https:\/\/encuentroinformativo.com.mx\/index.php?rest_route=\/wp\/v2\/users\/1"}],"replies":[{"embeddable":true,"href":"https:\/\/encuentroinformativo.com.mx\/index.php?rest_route=%2Fwp%2Fv2%2Fcomments&post=7663"}],"version-history":[{"count":1,"href":"https:\/\/encuentroinformativo.com.mx\/index.php?rest_route=\/wp\/v2\/posts\/7663\/revisions"}],"predecessor-version":[{"id":7665,"href":"https:\/\/encuentroinformativo.com.mx\/index.php?rest_route=\/wp\/v2\/posts\/7663\/revisions\/7665"}],"wp:featuredmedia":[{"embeddable":true,"href":"https:\/\/encuentroinformativo.com.mx\/index.php?rest_route=\/wp\/v2\/media\/7664"}],"wp:attachment":[{"href":"https:\/\/encuentroinformativo.com.mx\/index.php?rest_route=%2Fwp%2Fv2%2Fmedia&parent=7663"}],"wp:term":[{"taxonomy":"category","embeddable":true,"href":"https:\/\/encuentroinformativo.com.mx\/index.php?rest_route=%2Fwp%2Fv2%2Fcategories&post=7663"},{"taxonomy":"post_tag","embeddable":true,"href":"https:\/\/encuentroinformativo.com.mx\/index.php?rest_route=%2Fwp%2Fv2%2Ftags&post=7663"}],"curies":[{"name":"wp","href":"https:\/\/api.w.org\/{rel}","templated":true}]}}