{"id":7666,"date":"2020-11-03T13:46:45","date_gmt":"2020-11-03T19:46:45","guid":{"rendered":"https:\/\/encuentroinformativo.com.mx\/?p=7666"},"modified":"2020-11-03T13:46:48","modified_gmt":"2020-11-03T19:46:48","slug":"en-jurisdiccion-sanitaria-reclaman-revocacion-a-grupo-mas","status":"publish","type":"post","link":"https:\/\/encuentroinformativo.com.mx\/?p=7666","title":{"rendered":"En Jurisdicci\u00f3n Sanitaria, reclaman revocaci\u00f3n a grupo M\u00c1S"},"content":{"rendered":"\n<p><strong>Alejandro \u00c1vila<\/strong><\/p>\n\n\n\n<p>Veracruz, Ver.- Las quejas por el mal servicio en la distribuci\u00f3n de agua que realiza Grupo MAS, aunado a la mala calidad de la misma, no paran por parte del Movimiento Civil Independiente (MOCI), quienes esta ma\u00f1ana se manifestaron a las afueras de la Jurisdicci\u00f3n Sanitaria n\u00famero 8 en Veracruz Puerto.<\/p>\n\n\n\n<p>Debido a la contingencia sanitaria por la pandemia de COVID-19, los quejosos afirman est\u00e1n a\u00fan m\u00e1s vulnerables ante la mala calidad del agua.<\/p>\n\n\n\n<p>En las oficinas de la dependencia estatal, ubicadas en la calle Alacio P\u00e9rez, los ciudadanos pidieron a la Jurisdicci\u00f3n Sanitaria N\u00famero 8 su intervenci\u00f3n para que, con base en la mala praxis sanitaria, se pueda lograr revocar la concesi\u00f3n de la empresa privada, Grupo MAS, la cual opera en los municipios de Veracruz y Medell\u00edn de Bravo.&nbsp;<\/p>\n\n\n\n<p>\u201cEllos son los que tienen que tener la autorizaci\u00f3n de que deveras nos est\u00e1n mandando agua potable, y para que te corten el agua deben tener autorizaci\u00f3n de parte de ellos, ahorita hay pandemia por lo que hay doble problema\u201d, se\u00f1al\u00f3 Mireya Hern\u00e1ndez, vocera del MOCI.&nbsp;<\/p>\n\n\n\n<p>\u201cQue intervengan porque ellos son autoridad y pueden hacer que Grupo Mas salga\u201d, remat\u00f3 una de las afectadas.<\/p>\n\n\n\n<figure class=\"wp-block-image size-large\"><img loading=\"lazy\" decoding=\"async\" width=\"1024\" height=\"768\" src=\"https:\/\/encuentroinformativo.com.mx\/wp-content\/uploads\/2020\/11\/EDEEB554-0173-4C64-9391-429550CEFA98-1024x768.jpeg\" alt=\"\" class=\"wp-image-7668\" srcset=\"https:\/\/encuentroinformativo.com.mx\/wp-content\/uploads\/2020\/11\/EDEEB554-0173-4C64-9391-429550CEFA98-1024x768.jpeg 1024w, https:\/\/encuentroinformativo.com.mx\/wp-content\/uploads\/2020\/11\/EDEEB554-0173-4C64-9391-429550CEFA98-300x225.jpeg 300w, https:\/\/encuentroinformativo.com.mx\/wp-content\/uploads\/2020\/11\/EDEEB554-0173-4C64-9391-429550CEFA98-768x576.jpeg 768w, https:\/\/encuentroinformativo.com.mx\/wp-content\/uploads\/2020\/11\/EDEEB554-0173-4C64-9391-429550CEFA98.jpeg 1040w\" sizes=\"auto, (max-width: 1024px) 100vw, 1024px\" \/><\/figure>\n","protected":false},"excerpt":{"rendered":"<p>Alejandro \u00c1vila Veracruz, Ver.- Las quejas por el mal servicio en la distribuci\u00f3n de agua que realiza Grupo MAS, aunado a la mala calidad de la misma, no paran por parte del Movimiento Civil Independiente (MOCI), quienes esta ma\u00f1ana se manifestaron a las afueras de la Jurisdicci\u00f3n Sanitaria n\u00famero 8 en Veracruz Puerto. Debido a [&hellip;]<\/p>\n","protected":false},"author":1,"featured_media":7667,"comment_status":"open","ping_status":"open","sticky":false,"template":"","format":"standard","meta":{"_jetpack_memberships_contains_paid_content":false,"footnotes":""},"categories":[2],"tags":[],"class_list":["post-7666","post","type-post","status-publish","format-standard","has-post-thumbnail","hentry","category-estado"],"jetpack_featured_media_url":"https:\/\/encuentroinformativo.com.mx\/wp-content\/uploads\/2020\/11\/747E8B5C-11EA-4309-82A1-8419699E0CBD.jpeg","jetpack_sharing_enabled":true,"jetpack_likes_enabled":true,"amp_enabled":true,"_links":{"self":[{"href":"https:\/\/encuentroinformativo.com.mx\/index.php?rest_route=\/wp\/v2\/posts\/7666","targetHints":{"allow":["GET"]}}],"collection":[{"href":"https:\/\/encuentroinformativo.com.mx\/index.php?rest_route=\/wp\/v2\/posts"}],"about":[{"href":"https:\/\/encuentroinformativo.com.mx\/index.php?rest_route=\/wp\/v2\/types\/post"}],"author":[{"embeddable":true,"href":"https:\/\/encuentroinformativo.com.mx\/index.php?rest_route=\/wp\/v2\/users\/1"}],"replies":[{"embeddable":true,"href":"https:\/\/encuentroinformativo.com.mx\/index.php?rest_route=%2Fwp%2Fv2%2Fcomments&post=7666"}],"version-history":[{"count":1,"href":"https:\/\/encuentroinformativo.com.mx\/index.php?rest_route=\/wp\/v2\/posts\/7666\/revisions"}],"predecessor-version":[{"id":7669,"href":"https:\/\/encuentroinformativo.com.mx\/index.php?rest_route=\/wp\/v2\/posts\/7666\/revisions\/7669"}],"wp:featuredmedia":[{"embeddable":true,"href":"https:\/\/encuentroinformativo.com.mx\/index.php?rest_route=\/wp\/v2\/media\/7667"}],"wp:attachment":[{"href":"https:\/\/encuentroinformativo.com.mx\/index.php?rest_route=%2Fwp%2Fv2%2Fmedia&parent=7666"}],"wp:term":[{"taxonomy":"category","embeddable":true,"href":"https:\/\/encuentroinformativo.com.mx\/index.php?rest_route=%2Fwp%2Fv2%2Fcategories&post=7666"},{"taxonomy":"post_tag","embeddable":true,"href":"https:\/\/encuentroinformativo.com.mx\/index.php?rest_route=%2Fwp%2Fv2%2Ftags&post=7666"}],"curies":[{"name":"wp","href":"https:\/\/api.w.org\/{rel}","templated":true}]}}