{"id":767,"date":"2020-03-11T12:25:16","date_gmt":"2020-03-11T18:25:16","guid":{"rendered":"https:\/\/encuentroinformativo.com\/?p=767"},"modified":"2020-03-11T12:25:18","modified_gmt":"2020-03-11T18:25:18","slug":"estudiantes-normalistas-realizan-paro-indefinido","status":"publish","type":"post","link":"https:\/\/encuentroinformativo.com.mx\/?p=767","title":{"rendered":"Estudiantes normalistas realizan \u201cparo\u201d indefinido"},"content":{"rendered":"\n<p><strong>Juan Arcos <\/strong><\/p>\n\n\n\n<p>Xalapa, Ver.- Un paro indefinido iniciaron esta ma\u00f1ana estudiantes de la Benem\u00e9rita Escuela Normal Veracruzana (EBNV) \u201cEnrique C. R\u00e9bsamen\u201d.<\/p>\n\n\n\n<p>Lo anterior, para exigir seguridad y un alto a la violencia contra el sector estudiantil, dio a conocer Alexa Adamari Estanislao Mendoza, secretaria general del Comit\u00e9 Ejecutivo Estudiantil Normalista del ciclo escolar 2019-2020.<\/p>\n\n\n\n<p>\u201cEstamos en la redacci\u00f3n del pliego petitorio. Vamos a tomar acuerdos con toda la comunidad para fijar el rumbo\u201d.<\/p>\n\n\n\n<p>En un comunicado del Comit\u00e9 Estudiantil se exponen al menos cuatro peticiones en materia de seguridad.<\/p>\n\n\n\n<p>Exigen a las autoridades estatales que garanticen la seguridad en todas las instituciones de educaci\u00f3n b\u00e1sica, media superior y superior.<\/p>\n\n\n\n<p>Tambi\u00e9n que incrementen la presencia policial en horarios que representan mayor riesgo para los estudiantes.<\/p>\n\n\n\n<p>Demandan la creaci\u00f3n y promoci\u00f3n de programas y campa\u00f1as para la concientizaci\u00f3n de la poblaci\u00f3n en la que se aborden los tipos de violencia (su prevenci\u00f3n, atenci\u00f3n y erradicaci\u00f3n).<\/p>\n\n\n\n<p>Adem\u00e1s, reclaman la instalaci\u00f3n de \u00e1reas especializadas de la Secretar\u00eda de Seguridad P\u00fablica (SSP) y la Secretar\u00eda de Educaci\u00f3n de Veracruz (SEV), en las cuales se atiendan y se les d\u00e9 seguimiento a las denuncias por acoso y violencia que padecen las alumnas por parte de estudiantes y docentes.<\/p>\n\n\n\n<p>Los j\u00f3venes llevar\u00e1n a cabo una asamblea estudiantil, donde decidir\u00e1n hasta cu\u00e1ndo pertenecer\u00e1 el paro.<\/p>\n\n\n\n<p><\/p>\n","protected":false},"excerpt":{"rendered":"<p>Juan Arcos Xalapa, Ver.- Un paro indefinido iniciaron esta ma\u00f1ana estudiantes de la Benem\u00e9rita Escuela Normal Veracruzana (EBNV) \u201cEnrique C. R\u00e9bsamen\u201d. Lo anterior, para exigir seguridad y un alto a la violencia contra el sector estudiantil, dio a conocer Alexa Adamari Estanislao Mendoza, secretaria general del Comit\u00e9 Ejecutivo Estudiantil Normalista del ciclo escolar 2019-2020. \u201cEstamos [&hellip;]<\/p>\n","protected":false},"author":1,"featured_media":768,"comment_status":"open","ping_status":"open","sticky":false,"template":"","format":"standard","meta":{"_jetpack_memberships_contains_paid_content":false,"footnotes":""},"categories":[3],"tags":[],"class_list":["post-767","post","type-post","status-publish","format-standard","has-post-thumbnail","hentry","category-xalapa"],"jetpack_featured_media_url":"https:\/\/encuentroinformativo.com.mx\/wp-content\/uploads\/2020\/03\/E184202C-B63A-454A-A50E-4419FD23ECBD.jpeg","jetpack_sharing_enabled":true,"jetpack_likes_enabled":true,"amp_enabled":true,"_links":{"self":[{"href":"https:\/\/encuentroinformativo.com.mx\/index.php?rest_route=\/wp\/v2\/posts\/767","targetHints":{"allow":["GET"]}}],"collection":[{"href":"https:\/\/encuentroinformativo.com.mx\/index.php?rest_route=\/wp\/v2\/posts"}],"about":[{"href":"https:\/\/encuentroinformativo.com.mx\/index.php?rest_route=\/wp\/v2\/types\/post"}],"author":[{"embeddable":true,"href":"https:\/\/encuentroinformativo.com.mx\/index.php?rest_route=\/wp\/v2\/users\/1"}],"replies":[{"embeddable":true,"href":"https:\/\/encuentroinformativo.com.mx\/index.php?rest_route=%2Fwp%2Fv2%2Fcomments&post=767"}],"version-history":[{"count":1,"href":"https:\/\/encuentroinformativo.com.mx\/index.php?rest_route=\/wp\/v2\/posts\/767\/revisions"}],"predecessor-version":[{"id":769,"href":"https:\/\/encuentroinformativo.com.mx\/index.php?rest_route=\/wp\/v2\/posts\/767\/revisions\/769"}],"wp:featuredmedia":[{"embeddable":true,"href":"https:\/\/encuentroinformativo.com.mx\/index.php?rest_route=\/wp\/v2\/media\/768"}],"wp:attachment":[{"href":"https:\/\/encuentroinformativo.com.mx\/index.php?rest_route=%2Fwp%2Fv2%2Fmedia&parent=767"}],"wp:term":[{"taxonomy":"category","embeddable":true,"href":"https:\/\/encuentroinformativo.com.mx\/index.php?rest_route=%2Fwp%2Fv2%2Fcategories&post=767"},{"taxonomy":"post_tag","embeddable":true,"href":"https:\/\/encuentroinformativo.com.mx\/index.php?rest_route=%2Fwp%2Fv2%2Ftags&post=767"}],"curies":[{"name":"wp","href":"https:\/\/api.w.org\/{rel}","templated":true}]}}