{"id":7670,"date":"2020-11-03T14:08:29","date_gmt":"2020-11-03T20:08:29","guid":{"rendered":"https:\/\/encuentroinformativo.com.mx\/?p=7670"},"modified":"2020-11-03T14:08:38","modified_gmt":"2020-11-03T20:08:38","slug":"buen-fin-perjudica-pero-beneficia-a-empresarios-regidor","status":"publish","type":"post","link":"https:\/\/encuentroinformativo.com.mx\/?p=7670","title":{"rendered":"Buen Fin perjudica pero beneficia a empresarios: Regidor"},"content":{"rendered":"\n<p><strong>Dar\u00edo Pale <\/strong><\/p>\n\n\n\n<p>Xalapa, Ver.- El regidor d\u00e9cimo del ayuntamiento de Xalapa Juan Gabriel Fern\u00e1ndez Garibay dio a conocer que lamentablemente las autoridades municipales buscan colocar nuevamente a Xalapa en sem\u00e1foro rojo en los pr\u00f3ximos d\u00edas, sin importar que los empresarios han hecho un llamado emergente para que les permitan vender.<\/p>\n\n\n\n<p>Entrevistado en los pasillos de conocido caf\u00e9 del centro de Xalapa, record\u00f3 que del 9 al 20 de noviembre se tendr\u00e1 la edici\u00f3n del Buen Fin, en donde empresarios har\u00e1n de manera virtual y presencial en tiendas sus ofertas, sin embargo, ante una nueva alerta de mayor contagio de COVID-19, estas tendr\u00edan que cerrar.<\/p>\n\n\n\n<p>El regidor dej\u00f3 en claro que el sector empresarial ya no aguantar\u00eda otro cierre, pues han tenido grandes p\u00e9rdidas con la falta de liquidez que tuvieron de marzo al mes pasado.<\/p>\n\n\n\n<p>\u201cLa gente no tiene trabajo, la gente est\u00e1 cerrando los negocios y desgraciadamente la mayor\u00eda de la administraci\u00f3n no tiene empat\u00eda, no les importa y no tienen la sensibilidad\u201d, se\u00f1al\u00f3.<\/p>\n\n\n\n<p>Cabe recordar que hace unos d\u00edas el alcalde Hip\u00f3lito Rodr\u00edguez Herrero adelant\u00f3 sobre que Xalapa podr\u00eda cambiar en su sem\u00e1foro, de naranja a rojo, pues la gente hab\u00eda descuidado las medidas de seguridad, logrando que se incrementen los casos del virus Sars COV-2.<\/p>\n\n\n\n<p>En otro orden de ideas coment\u00f3 que a la administraci\u00f3n municipal no les importa apoyar a los micro peque\u00f1os empresarios que es la m\u00e1s afectada\u00a0 por la pandemia originada por el Covid-19, ya\u00a0que el programa de empleo temporal para el cual se destinaron 600 mil pesos solamente y quer\u00edan hacer un contrato de m\u00e1s de 600 mil pesos para filmar un comercial por parte de turismo y proyectarlo en redes sociales.<\/p>\n\n\n\n<p>\u201cEl gobierno no es para ser capricho y proyectos personales, es para administrar y dar respuesta a la gente\u201d, coment\u00f3.<\/p>\n\n\n\n<p>Record\u00f3 que en la pasada sesi\u00f3n de cabildo \u00e9l present\u00f3 una propuesta para que el uso del cubrebocas fuera obligatorio y quien lo hiciera recibiera un apercibimiento.<\/p>\n\n\n\n<p>Finalmente en ese sentido agreg\u00f3 que es fundamental que se abran m\u00e1s sectores comerciales, porque la gente no tiene trabajo.<\/p>\n","protected":false},"excerpt":{"rendered":"<p>Dar\u00edo Pale Xalapa, Ver.- El regidor d\u00e9cimo del ayuntamiento de Xalapa Juan Gabriel Fern\u00e1ndez Garibay dio a conocer que lamentablemente las autoridades municipales buscan colocar nuevamente a Xalapa en sem\u00e1foro rojo en los pr\u00f3ximos d\u00edas, sin importar que los empresarios han hecho un llamado emergente para que les permitan vender. Entrevistado en los pasillos de [&hellip;]<\/p>\n","protected":false},"author":1,"featured_media":7671,"comment_status":"open","ping_status":"open","sticky":false,"template":"","format":"standard","meta":{"_jetpack_memberships_contains_paid_content":false,"footnotes":""},"categories":[3],"tags":[],"class_list":["post-7670","post","type-post","status-publish","format-standard","has-post-thumbnail","hentry","category-xalapa"],"jetpack_featured_media_url":"https:\/\/encuentroinformativo.com.mx\/wp-content\/uploads\/2020\/11\/83F9E352-D7E7-4AFD-AE7F-ED31974A0F19.jpeg","jetpack_sharing_enabled":true,"jetpack_likes_enabled":true,"amp_enabled":true,"_links":{"self":[{"href":"https:\/\/encuentroinformativo.com.mx\/index.php?rest_route=\/wp\/v2\/posts\/7670","targetHints":{"allow":["GET"]}}],"collection":[{"href":"https:\/\/encuentroinformativo.com.mx\/index.php?rest_route=\/wp\/v2\/posts"}],"about":[{"href":"https:\/\/encuentroinformativo.com.mx\/index.php?rest_route=\/wp\/v2\/types\/post"}],"author":[{"embeddable":true,"href":"https:\/\/encuentroinformativo.com.mx\/index.php?rest_route=\/wp\/v2\/users\/1"}],"replies":[{"embeddable":true,"href":"https:\/\/encuentroinformativo.com.mx\/index.php?rest_route=%2Fwp%2Fv2%2Fcomments&post=7670"}],"version-history":[{"count":1,"href":"https:\/\/encuentroinformativo.com.mx\/index.php?rest_route=\/wp\/v2\/posts\/7670\/revisions"}],"predecessor-version":[{"id":7672,"href":"https:\/\/encuentroinformativo.com.mx\/index.php?rest_route=\/wp\/v2\/posts\/7670\/revisions\/7672"}],"wp:featuredmedia":[{"embeddable":true,"href":"https:\/\/encuentroinformativo.com.mx\/index.php?rest_route=\/wp\/v2\/media\/7671"}],"wp:attachment":[{"href":"https:\/\/encuentroinformativo.com.mx\/index.php?rest_route=%2Fwp%2Fv2%2Fmedia&parent=7670"}],"wp:term":[{"taxonomy":"category","embeddable":true,"href":"https:\/\/encuentroinformativo.com.mx\/index.php?rest_route=%2Fwp%2Fv2%2Fcategories&post=7670"},{"taxonomy":"post_tag","embeddable":true,"href":"https:\/\/encuentroinformativo.com.mx\/index.php?rest_route=%2Fwp%2Fv2%2Ftags&post=7670"}],"curies":[{"name":"wp","href":"https:\/\/api.w.org\/{rel}","templated":true}]}}