{"id":7673,"date":"2020-11-03T14:36:43","date_gmt":"2020-11-03T20:36:43","guid":{"rendered":"https:\/\/encuentroinformativo.com.mx\/?p=7673"},"modified":"2020-11-03T14:36:46","modified_gmt":"2020-11-03T20:36:46","slug":"sin-demanda-de-espacios-en-casas-albergues","status":"publish","type":"post","link":"https:\/\/encuentroinformativo.com.mx\/?p=7673","title":{"rendered":"Sin demanda de espacios en casas albergues"},"content":{"rendered":"\n<p><strong>Juan Arcos <\/strong><\/p>\n\n\n\n<p>Coatepec, Ver.- Hasta el momento no han sido recibidas peticiones de ciudadanas y ciudadanos para alojarse en el refugio de Coatepec conocido como Casa de D\u00eda \u201cBertha Mar\u00eda Cervantes Bock\u201d, durante esta pandemia del SARS-COV-2 (COVID-19).<\/p>\n\n\n\n<p>As\u00ed lo dio a conocer Adelina Ronz\u00f3n Coste\u00f1o, responsable de esta Casa de D\u00eda, un albergue que depende del Sistema para el Desarrollo Integral de la Familia (DIF) de Coatepec.<\/p>\n\n\n\n<p>El refugio se encuentra sobre la calle Pedro Anaya, esquina Riva Palacio, frente al mercado Independencia, cerca del antiguo recinto ferial.<\/p>\n\n\n\n<p>El espacio cuenta con una capacidad para decenas de personas, pues tiene 26 literas, tres camas matrimoniales, dos rec\u00e1maras con sus sanitarios, un comedor y una sala donde se imparten talleres, cuando hay personas alojadas.<\/p>\n\n\n\n<p>La entrevistada indic\u00f3 que en dicho lugar tambi\u00e9n se recibe a familias afectadas por inundaciones y deslaves durante la temporada de lluvias; sin embargo, este a\u00f1o no ha habido casos.<\/p>\n\n\n\n<p>\u201cNo habido la necesidad de hospedar a las familias por la pandemia, no se ha dado el caso, pero si llegase a darse se les dar\u00eda el apoyo\u201d.<\/p>\n\n\n\n<p>A\u00f1adi\u00f3 que la presidenta del DIF municipal, Adriana Peredo Camacho, ha girado instrucciones para brindar un buen servicio a la poblaci\u00f3n.<\/p>\n\n\n\n<p>\u201cLa casa de d\u00eda siempre debe estar impecable con sus respectivas despensas, con lo que se requiera por alguna contingencia, es una persona que se ha preocupado mucho por nuestra ciudadan\u00eda, por nuestro Coatepec, cabecera municipal y las localidades\u201d, culmin\u00f3.<\/p>\n","protected":false},"excerpt":{"rendered":"<p>Juan Arcos Coatepec, Ver.- Hasta el momento no han sido recibidas peticiones de ciudadanas y ciudadanos para alojarse en el refugio de Coatepec conocido como Casa de D\u00eda \u201cBertha Mar\u00eda Cervantes Bock\u201d, durante esta pandemia del SARS-COV-2 (COVID-19). As\u00ed lo dio a conocer Adelina Ronz\u00f3n Coste\u00f1o, responsable de esta Casa de D\u00eda, un albergue que [&hellip;]<\/p>\n","protected":false},"author":1,"featured_media":7674,"comment_status":"open","ping_status":"open","sticky":false,"template":"","format":"standard","meta":{"_jetpack_memberships_contains_paid_content":false,"footnotes":""},"categories":[8],"tags":[],"class_list":["post-7673","post","type-post","status-publish","format-standard","has-post-thumbnail","hentry","category-region"],"jetpack_featured_media_url":"https:\/\/encuentroinformativo.com.mx\/wp-content\/uploads\/2020\/11\/98929191-8265-414C-BEF3-4EDFD7D59258.jpeg","jetpack_sharing_enabled":true,"jetpack_likes_enabled":true,"amp_enabled":true,"_links":{"self":[{"href":"https:\/\/encuentroinformativo.com.mx\/index.php?rest_route=\/wp\/v2\/posts\/7673","targetHints":{"allow":["GET"]}}],"collection":[{"href":"https:\/\/encuentroinformativo.com.mx\/index.php?rest_route=\/wp\/v2\/posts"}],"about":[{"href":"https:\/\/encuentroinformativo.com.mx\/index.php?rest_route=\/wp\/v2\/types\/post"}],"author":[{"embeddable":true,"href":"https:\/\/encuentroinformativo.com.mx\/index.php?rest_route=\/wp\/v2\/users\/1"}],"replies":[{"embeddable":true,"href":"https:\/\/encuentroinformativo.com.mx\/index.php?rest_route=%2Fwp%2Fv2%2Fcomments&post=7673"}],"version-history":[{"count":1,"href":"https:\/\/encuentroinformativo.com.mx\/index.php?rest_route=\/wp\/v2\/posts\/7673\/revisions"}],"predecessor-version":[{"id":7675,"href":"https:\/\/encuentroinformativo.com.mx\/index.php?rest_route=\/wp\/v2\/posts\/7673\/revisions\/7675"}],"wp:featuredmedia":[{"embeddable":true,"href":"https:\/\/encuentroinformativo.com.mx\/index.php?rest_route=\/wp\/v2\/media\/7674"}],"wp:attachment":[{"href":"https:\/\/encuentroinformativo.com.mx\/index.php?rest_route=%2Fwp%2Fv2%2Fmedia&parent=7673"}],"wp:term":[{"taxonomy":"category","embeddable":true,"href":"https:\/\/encuentroinformativo.com.mx\/index.php?rest_route=%2Fwp%2Fv2%2Fcategories&post=7673"},{"taxonomy":"post_tag","embeddable":true,"href":"https:\/\/encuentroinformativo.com.mx\/index.php?rest_route=%2Fwp%2Fv2%2Ftags&post=7673"}],"curies":[{"name":"wp","href":"https:\/\/api.w.org\/{rel}","templated":true}]}}