{"id":7680,"date":"2020-11-03T16:54:04","date_gmt":"2020-11-03T22:54:04","guid":{"rendered":"https:\/\/encuentroinformativo.com.mx\/?p=7680"},"modified":"2020-11-03T16:54:07","modified_gmt":"2020-11-03T22:54:07","slug":"academicos-reciben-invitacion-para-contender-por-cargos-de-eleccion-popular","status":"publish","type":"post","link":"https:\/\/encuentroinformativo.com.mx\/?p=7680","title":{"rendered":"Acad\u00e9micos reciben invitaci\u00f3n para contender por cargos de elecci\u00f3n popular"},"content":{"rendered":"\n<p><strong>Juan Arcos <\/strong><\/p>\n\n\n\n<p>Xalapa, Ver.- El Partido del Trabajo (PT) propuso a Juan Pablo \u00c1lvarez Delong, exdirector general del Consejo Veracruzano de Investigaci\u00f3n Cient\u00edfica y Desarrollo Tecnol\u00f3gico (Coveicydet), que encabece la candidatura a la diputaci\u00f3n local por el distrito de Coatepec, en la elecci\u00f3n del a\u00f1o pr\u00f3ximo.<\/p>\n\n\n\n<p>Al respecto, el exfuncionario estatal indic\u00f3 que est\u00e1 analizando dicha posibilidad para contender por un cargo de elecci\u00f3n popular en los comicios de 2021.<\/p>\n\n\n\n<p>\u201cLa aspiraci\u00f3n es la diputaci\u00f3n local por este distrito de Coatepec, hay vertientes, pero es una de las aspiraciones. Lo estamos considerando, es un tema que hay que pensar a fondo, consultar, no es nada m\u00e1s de decidir de un momento a otro, pero definitivamente estamos interesados y en estos pr\u00f3ximos meses se va a definir\u201d.<\/p>\n\n\n\n<p>El entrevistado destac\u00f3 la importancia de que las ciudadanas y ciudadanos conozcan a sus diputados locales, para poder atender sus principales necesidades.<\/p>\n\n\n\n<p>\u201cCreo que los ciudadanos deben conocer a sus diputados, es algo que no pasa, aqu\u00ed en Coatepec, yo creo que pocos conocen a sus diputados y eso es algo que debe cambiar inmediatamente\u201d.<\/p>\n\n\n\n<p>\u00c1lvarez Delong mencion\u00f3 que Coatepec debe acceder nuevamente a los recursos federales que recib\u00eda por parte del programa Pueblos M\u00e1gicos, toda vez que ha sido severamente afectado por la pandemia del SARS-COV-2 (COVID-19).<\/p>\n\n\n\n<p>\u201cEsos apoyos deben de volver de cierta manera, se debe buscar alg\u00fan m\u00e9todo para recuperar esos fondos que tanto aportaban a esos pueblos m\u00e1gicos que aparte generan mucho en materia de turismo y otros aspectos para el propio gobierno\u201d.<\/p>\n\n\n\n<p>El exfuncionario se reuni\u00f3 con el coordinador estatal del PT, Vicente Aguilar Aguilar, con quien ha mantenido el di\u00e1logo para tomar una decisi\u00f3n sobre la candidatura que podr\u00eda encabezar en la siguiente elecci\u00f3n.<\/p>\n","protected":false},"excerpt":{"rendered":"<p>Juan Arcos Xalapa, Ver.- El Partido del Trabajo (PT) propuso a Juan Pablo \u00c1lvarez Delong, exdirector general del Consejo Veracruzano de Investigaci\u00f3n Cient\u00edfica y Desarrollo Tecnol\u00f3gico (Coveicydet), que encabece la candidatura a la diputaci\u00f3n local por el distrito de Coatepec, en la elecci\u00f3n del a\u00f1o pr\u00f3ximo. Al respecto, el exfuncionario estatal indic\u00f3 que est\u00e1 analizando [&hellip;]<\/p>\n","protected":false},"author":1,"featured_media":7681,"comment_status":"open","ping_status":"open","sticky":false,"template":"","format":"standard","meta":{"_jetpack_memberships_contains_paid_content":false,"footnotes":""},"categories":[8],"tags":[],"class_list":["post-7680","post","type-post","status-publish","format-standard","has-post-thumbnail","hentry","category-region"],"jetpack_featured_media_url":"https:\/\/encuentroinformativo.com.mx\/wp-content\/uploads\/2020\/11\/5B181B44-CD12-45CA-A5CC-060AE3CA6036.jpeg","jetpack_sharing_enabled":true,"jetpack_likes_enabled":true,"amp_enabled":true,"_links":{"self":[{"href":"https:\/\/encuentroinformativo.com.mx\/index.php?rest_route=\/wp\/v2\/posts\/7680","targetHints":{"allow":["GET"]}}],"collection":[{"href":"https:\/\/encuentroinformativo.com.mx\/index.php?rest_route=\/wp\/v2\/posts"}],"about":[{"href":"https:\/\/encuentroinformativo.com.mx\/index.php?rest_route=\/wp\/v2\/types\/post"}],"author":[{"embeddable":true,"href":"https:\/\/encuentroinformativo.com.mx\/index.php?rest_route=\/wp\/v2\/users\/1"}],"replies":[{"embeddable":true,"href":"https:\/\/encuentroinformativo.com.mx\/index.php?rest_route=%2Fwp%2Fv2%2Fcomments&post=7680"}],"version-history":[{"count":1,"href":"https:\/\/encuentroinformativo.com.mx\/index.php?rest_route=\/wp\/v2\/posts\/7680\/revisions"}],"predecessor-version":[{"id":7682,"href":"https:\/\/encuentroinformativo.com.mx\/index.php?rest_route=\/wp\/v2\/posts\/7680\/revisions\/7682"}],"wp:featuredmedia":[{"embeddable":true,"href":"https:\/\/encuentroinformativo.com.mx\/index.php?rest_route=\/wp\/v2\/media\/7681"}],"wp:attachment":[{"href":"https:\/\/encuentroinformativo.com.mx\/index.php?rest_route=%2Fwp%2Fv2%2Fmedia&parent=7680"}],"wp:term":[{"taxonomy":"category","embeddable":true,"href":"https:\/\/encuentroinformativo.com.mx\/index.php?rest_route=%2Fwp%2Fv2%2Fcategories&post=7680"},{"taxonomy":"post_tag","embeddable":true,"href":"https:\/\/encuentroinformativo.com.mx\/index.php?rest_route=%2Fwp%2Fv2%2Ftags&post=7680"}],"curies":[{"name":"wp","href":"https:\/\/api.w.org\/{rel}","templated":true}]}}