{"id":7686,"date":"2020-11-03T18:13:48","date_gmt":"2020-11-04T00:13:48","guid":{"rendered":"https:\/\/encuentroinformativo.com.mx\/?p=7686"},"modified":"2020-11-03T18:13:51","modified_gmt":"2020-11-04T00:13:51","slug":"demandan-esclarecer-homicidio-de-medico-en-tierra-blanca","status":"publish","type":"post","link":"https:\/\/encuentroinformativo.com.mx\/?p=7686","title":{"rendered":"Demandan esclarecer homicidio de m\u00e9dico en Tierra Blanca"},"content":{"rendered":"\n<p><strong>Dar\u00edo Pale <\/strong><\/p>\n\n\n\n<p>Xalapa, Ver.- Luego de que el m\u00e9dico\u00a0Manuel Dimas Crist\u00f3bal, excandidato a la presidencia municipal de Tierra Blanca\u00a0fuera asesinado a balazos mientras supervisaba un evento por la conmemoraci\u00f3n de D\u00eda de Muertos en el centro cultural de Tierra Blanca; Jos\u00e9 Luis Nava Cruz, integrantes de la Asociaci\u00f3n Nacional de la Defensa de las Tradiciones Mexicanas y sus Fiestas Patronales, exigieron al gobernador del Estado, Cuitl\u00e1huac Garc\u00eda Jim\u00e9nez y a la fiscal general, Ver\u00f3nica Hern\u00e1ndez Giad\u00e1ns, se esclarezca lo m\u00e1s pronto posible el crimen del doctor.<\/p>\n\n\n\n<p>Entrevistados en los pasillos de conocido caf\u00e9 del centro de Xalapa dieron a conocer que\u00a0lugar donde se encontraba el m\u00e9dico habr\u00edan llegado dos sujetos para privarlo de la vida.<\/p>\n\n\n\n<p>\u201cPido que hagan hincapi\u00e9 para que esto se aclare, porque era una persona trabajadora. Solicitamos protecci\u00f3n para que no pase lo que pas\u00f3 en este D\u00eda de Muertos. le pido al Gobernador y a la fiscal general que realice su trabajo de investigaci\u00f3n lo m\u00e1s pronto posible&#8221;, se\u00f1al\u00f3.<\/p>\n\n\n\n<p>Finalmente advirti\u00f3 que de no lograr que haya un avance en la investigaci\u00f3n lo m\u00e1s pronto posible, tomar\u00e1n el Congreso del Estado, la Fiscal\u00eda General del Estado y Palacio de Gobierno, ya\u00a0que no conocen los avances de la indagatoria desde que ocurri\u00f3 el crimen, el pasado 31 de octubre, por ello, reiter\u00f3 su exigencia de justicia.<\/p>\n","protected":false},"excerpt":{"rendered":"<p>Dar\u00edo Pale Xalapa, Ver.- Luego de que el m\u00e9dico\u00a0Manuel Dimas Crist\u00f3bal, excandidato a la presidencia municipal de Tierra Blanca\u00a0fuera asesinado a balazos mientras supervisaba un evento por la conmemoraci\u00f3n de D\u00eda de Muertos en el centro cultural de Tierra Blanca; Jos\u00e9 Luis Nava Cruz, integrantes de la Asociaci\u00f3n Nacional de la Defensa de las Tradiciones [&hellip;]<\/p>\n","protected":false},"author":1,"featured_media":7687,"comment_status":"open","ping_status":"open","sticky":false,"template":"","format":"standard","meta":{"_jetpack_memberships_contains_paid_content":false,"footnotes":""},"categories":[2],"tags":[],"class_list":["post-7686","post","type-post","status-publish","format-standard","has-post-thumbnail","hentry","category-estado"],"jetpack_featured_media_url":"https:\/\/encuentroinformativo.com.mx\/wp-content\/uploads\/2020\/11\/CFF6CFCF-BD20-4979-9862-C7747F9B7ABD.jpeg","jetpack_sharing_enabled":true,"jetpack_likes_enabled":true,"amp_enabled":true,"_links":{"self":[{"href":"https:\/\/encuentroinformativo.com.mx\/index.php?rest_route=\/wp\/v2\/posts\/7686","targetHints":{"allow":["GET"]}}],"collection":[{"href":"https:\/\/encuentroinformativo.com.mx\/index.php?rest_route=\/wp\/v2\/posts"}],"about":[{"href":"https:\/\/encuentroinformativo.com.mx\/index.php?rest_route=\/wp\/v2\/types\/post"}],"author":[{"embeddable":true,"href":"https:\/\/encuentroinformativo.com.mx\/index.php?rest_route=\/wp\/v2\/users\/1"}],"replies":[{"embeddable":true,"href":"https:\/\/encuentroinformativo.com.mx\/index.php?rest_route=%2Fwp%2Fv2%2Fcomments&post=7686"}],"version-history":[{"count":1,"href":"https:\/\/encuentroinformativo.com.mx\/index.php?rest_route=\/wp\/v2\/posts\/7686\/revisions"}],"predecessor-version":[{"id":7688,"href":"https:\/\/encuentroinformativo.com.mx\/index.php?rest_route=\/wp\/v2\/posts\/7686\/revisions\/7688"}],"wp:featuredmedia":[{"embeddable":true,"href":"https:\/\/encuentroinformativo.com.mx\/index.php?rest_route=\/wp\/v2\/media\/7687"}],"wp:attachment":[{"href":"https:\/\/encuentroinformativo.com.mx\/index.php?rest_route=%2Fwp%2Fv2%2Fmedia&parent=7686"}],"wp:term":[{"taxonomy":"category","embeddable":true,"href":"https:\/\/encuentroinformativo.com.mx\/index.php?rest_route=%2Fwp%2Fv2%2Fcategories&post=7686"},{"taxonomy":"post_tag","embeddable":true,"href":"https:\/\/encuentroinformativo.com.mx\/index.php?rest_route=%2Fwp%2Fv2%2Ftags&post=7686"}],"curies":[{"name":"wp","href":"https:\/\/api.w.org\/{rel}","templated":true}]}}