{"id":7697,"date":"2020-11-04T12:23:11","date_gmt":"2020-11-04T18:23:11","guid":{"rendered":"https:\/\/encuentroinformativo.com.mx\/?p=7697"},"modified":"2020-11-04T12:23:36","modified_gmt":"2020-11-04T18:23:36","slug":"el-69-de-chiquiyunes","status":"publish","type":"post","link":"https:\/\/encuentroinformativo.com.mx\/?p=7697","title":{"rendered":"El 69 de Chiquiyunes"},"content":{"rendered":"\n<p><strong>Los Pol\u00edticos<\/strong><\/p>\n\n\n\n<p><strong>Salvador Mu\u00f1oz<\/strong><\/p>\n\n\n\n<p>Si se atiene uno a las declaraciones de don Joaqu\u00edn (insisto, si AMLO trata con respeto al Chapo, \u00bfpor qu\u00e9 no nosotros al Chapito?), o mejor a\u00fan, se acoge a lo que nuestra Constituci\u00f3n local dice en su art\u00edculo 69, que para ser Edil ya no basta una escalera y otra cosita, sino \u201cser ciudadano veracruzano en pleno ejercicio de sus derechos, originario del municipio o con residencia efectiva en su territorio no menor de tres a\u00f1os anteriores al d\u00eda de la elecci\u00f3n\u201d, efectivamente, entonces, los promotores de Chiquiyunes bien podr\u00edan ver sus sue\u00f1os convertirse en pesadilla\u2026 o en el mejor de los escenarios, \u00a1trasladarlos! \u00a1Vamos por cachos!<\/p>\n\n\n\n<p>El primer escenario nos obligar\u00eda a hacer memoria y trasladarnos a ese primero de julio de 2018, d\u00eda de elecciones para Gobernador y en la foto de Laura Toribio, publicada en Exc\u00e9lsior, entender que Miguel \u00c1ngel Yunes M\u00e1rquez vot\u00f3 en Boca del R\u00edo, donde tiene su domicilio. Luego entonces, si acaso pretendiera ser candidato a la alcald\u00eda por el Puerto, su aspiraci\u00f3n nos obligar\u00eda tambi\u00e9n a hacer cuentas y comprender que as\u00ed se hubiera cambiado de domicilio al d\u00eda siguiente de la elecci\u00f3n para trasladarse al Puerto, no cubrir\u00eda ese ap\u00e9ndice del art\u00edculo 69 que reza: \u201cresidencia efectiva en su territorio no menor de tres a\u00f1os anteriores al d\u00eda de la elecci\u00f3n\u201d.<\/p>\n\n\n\n<p>Ya con eso, con la Ley en la mano, con la mano en la cintura, don Joaqu\u00edn le puede decir a Chiquiyunes que nones, cuernos, negativo, no hay de queso&#8230; no puede ser candidato a la alcald\u00eda porte\u00f1a.<\/p>\n\n\n\n<p>S\u00ed, puede ser un duro golpe al \u00e1nimo del Yuniorismo (ayer lo comentamos: los Yunes junior), pero\u2026 la pol\u00edtica a veces da segundas oportunidades u opciones\u2026 \u00a1vamos! Miguel \u00c1ngel Yunes M\u00e1rquez puede ser un excelente candidato a diputado local o federal\u2026 y en un caso sumamente extraordinario, \u00a1hasta candidato a alcalde! S\u00ed, puede volver a repetir por Boca del R\u00edo o simplemente acogerse al Art\u00edculo 69 y buscar ser presidente municipal de donde es originario\u2026<\/p>\n\n\n\n<p>Claro que para ello, no creo que le agrade la idea a Sergio Hern\u00e1ndez Hern\u00e1ndez,l panista que va de puntero en las encuestas ac\u00e1 en Xalapa\u2026 s\u00ed, en Xalapa, porque en una de \u00e9sas, Miguel \u00c1ngel Yunes M\u00e1rquez podr\u00eda competir por la candidatura a la alcald\u00eda por la capital del Estado.<\/p>\n\n\n\n<p>De acuerdo a los datos proporcionados por el propio pol\u00edtico, naci\u00f3 un cuatro de mayo de 1976 en la ciudad de Xalapa, por lo que bien podr\u00eda demandar que le apliquen un 69\u2026 no, perd\u00f3n, estoy pensando en otra cosa\u2026 digo que bien podr\u00eda entonces cobijarse en el art\u00edculo 69 en la parte que dice que para ser Edil se requiere \u201cser ciudadano veracruzano en pleno ejercicio de sus derechos, originario del municipio\u2026\u201d<\/p>\n\n\n\n<p>Digo, con eso de que ya tenemos a\u00f1os de que los Yunes ya no s\u00f3lo se nos aparecen en nuestra sopa, sino a cada rato en nuestras boletas electorales, no hay que echar en saco roto esta posibilidad\u2026 o la de que un d\u00eda, hasta el mismo Fernando Yunes igual quiera sentir el rigor del xalape\u00f1o (que no del chile) y un d\u00eda lo veamos como candidato, porque al igual que su hermano, naci\u00f3 en Xalapa un 10 de febrero de 1982\u2026<\/p>\n\n\n\n<p>Insisto\u2026 en el Puerto, el 69 le pone un alto a Chiquiyunes, pero en Xalapa, le da una opci\u00f3n, aunque podr\u00eda incurrir en el mismo caso que all\u00e1, en Veracruz: Bingen o cualquiera de las otras tres opciones que su hermano Nando ten\u00eda en las figuras de Marijos\u00e9 Gamboa, Indira Rosales o Mariana Dunyaska, ya llevan camino recorrido para amarrar la candidatura; en Xalapa, dentro del panismo, Sergio Hern\u00e1ndez Hern\u00e1ndez lleva avanzado buen trecho y es seguro que no le caer\u00eda en gracia que de buenas a primeras, \u00a1pum! Chiquiyunes se apareciera por la Atenas\u2026 a menos que lo hiciera como candidato a diputado, aunque para eso, lo mismo puede hacer en Veracruz-Boca del R\u00edo sin tener que salir de su zona de confort\u2026 as\u00ed que para Miguel \u00c1ngel Yunes M\u00e1rquez, el 69 quita, como el 69 da\u2026 habr\u00e1 que ver qu\u00e9 decide el Yuniorismo.<\/p>\n\n\n\n<p><a href=\"mailto:smcainito@gmail.com\" target=\"_blank\" rel=\"noreferrer noopener\">smcainito@gmail.com<\/a><\/p>\n","protected":false},"excerpt":{"rendered":"<p>Los Pol\u00edticos Salvador Mu\u00f1oz Si se atiene uno a las declaraciones de don Joaqu\u00edn (insisto, si AMLO trata con respeto al Chapo, \u00bfpor qu\u00e9 no nosotros al Chapito?), o mejor a\u00fan, se acoge a lo que nuestra Constituci\u00f3n local dice en su art\u00edculo 69, que para ser Edil ya no basta una escalera y otra [&hellip;]<\/p>\n","protected":false},"author":1,"featured_media":387,"comment_status":"open","ping_status":"open","sticky":false,"template":"","format":"standard","meta":{"_jetpack_memberships_contains_paid_content":false,"footnotes":""},"categories":[11],"tags":[],"class_list":["post-7697","post","type-post","status-publish","format-standard","has-post-thumbnail","hentry","category-opinion"],"jetpack_featured_media_url":"https:\/\/encuentroinformativo.com.mx\/wp-content\/uploads\/2020\/03\/7CF8A22B-2764-47BE-8F7F-38FE9E5D6A2F.jpeg","jetpack_sharing_enabled":true,"jetpack_likes_enabled":true,"amp_enabled":true,"_links":{"self":[{"href":"https:\/\/encuentroinformativo.com.mx\/index.php?rest_route=\/wp\/v2\/posts\/7697","targetHints":{"allow":["GET"]}}],"collection":[{"href":"https:\/\/encuentroinformativo.com.mx\/index.php?rest_route=\/wp\/v2\/posts"}],"about":[{"href":"https:\/\/encuentroinformativo.com.mx\/index.php?rest_route=\/wp\/v2\/types\/post"}],"author":[{"embeddable":true,"href":"https:\/\/encuentroinformativo.com.mx\/index.php?rest_route=\/wp\/v2\/users\/1"}],"replies":[{"embeddable":true,"href":"https:\/\/encuentroinformativo.com.mx\/index.php?rest_route=%2Fwp%2Fv2%2Fcomments&post=7697"}],"version-history":[{"count":1,"href":"https:\/\/encuentroinformativo.com.mx\/index.php?rest_route=\/wp\/v2\/posts\/7697\/revisions"}],"predecessor-version":[{"id":7698,"href":"https:\/\/encuentroinformativo.com.mx\/index.php?rest_route=\/wp\/v2\/posts\/7697\/revisions\/7698"}],"wp:featuredmedia":[{"embeddable":true,"href":"https:\/\/encuentroinformativo.com.mx\/index.php?rest_route=\/wp\/v2\/media\/387"}],"wp:attachment":[{"href":"https:\/\/encuentroinformativo.com.mx\/index.php?rest_route=%2Fwp%2Fv2%2Fmedia&parent=7697"}],"wp:term":[{"taxonomy":"category","embeddable":true,"href":"https:\/\/encuentroinformativo.com.mx\/index.php?rest_route=%2Fwp%2Fv2%2Fcategories&post=7697"},{"taxonomy":"post_tag","embeddable":true,"href":"https:\/\/encuentroinformativo.com.mx\/index.php?rest_route=%2Fwp%2Fv2%2Ftags&post=7697"}],"curies":[{"name":"wp","href":"https:\/\/api.w.org\/{rel}","templated":true}]}}