{"id":7702,"date":"2020-11-04T13:17:02","date_gmt":"2020-11-04T19:17:02","guid":{"rendered":"https:\/\/encuentroinformativo.com.mx\/?p=7702"},"modified":"2020-11-04T13:17:04","modified_gmt":"2020-11-04T19:17:04","slug":"condena-gobernador-que-diputados-hagan-fiestas-no-habra-tolerancia-asegura","status":"publish","type":"post","link":"https:\/\/encuentroinformativo.com.mx\/?p=7702","title":{"rendered":"Condena gobernador que diputados hagan fiestas; no habr\u00e1 tolerancia, asegura"},"content":{"rendered":"\n<p><strong>Dar\u00edo Pale <\/strong><\/p>\n\n\n\n<p>Xalapa, Ver.- El gobernador del estado Cuitl\u00e1huac Garc\u00eda Jim\u00e9nez calific\u00f3 como lamentable que el diputado local Jos\u00e9 Magdaleno Torres haya llevado a cabo una fiesta para celebrar los XV a\u00f1os de su hija cuando a\u00fan se est\u00e1n viendo casos de la pandemia y que podr\u00edan retornar a sem\u00e1foro rojo.<\/p>\n\n\n\n<p>Entrevista posterior a la entrega de apoyos federales en el CREA,\u00a0el ejecutivo estatal subray\u00f3 que tanto\u00a0 los legisladores como los funcionarios p\u00fablicos deben dar el ejemplo con sus actos a la sociedad, ya que no van a tolerar a nadie.<\/p>\n\n\n\n<p>\u201cRealmente es lamentable, nosotros no vamos a tolerar a nadie, recuerden que es un exhorto esperamos que sean los diputados y los servidores p\u00fablicos ejemplo ante la sociedad\u201d, se\u00f1al\u00f3.<\/p>\n\n\n\n<p>En cuanto a los ayuntamientos que se incluir\u00edan en la reestructuraci\u00f3n de la bursatilizaci\u00f3n se\u00f1al\u00f3 que sostendr\u00e1 una reuni\u00f3n con el secretario de finanzas para que le haga entrega de c\u00f3mo van en ese tema y posteriormente lo dar\u00e1 a conocer.<\/p>\n","protected":false},"excerpt":{"rendered":"<p>Dar\u00edo Pale Xalapa, Ver.- El gobernador del estado Cuitl\u00e1huac Garc\u00eda Jim\u00e9nez calific\u00f3 como lamentable que el diputado local Jos\u00e9 Magdaleno Torres haya llevado a cabo una fiesta para celebrar los XV a\u00f1os de su hija cuando a\u00fan se est\u00e1n viendo casos de la pandemia y que podr\u00edan retornar a sem\u00e1foro rojo. Entrevista posterior a la [&hellip;]<\/p>\n","protected":false},"author":1,"featured_media":7703,"comment_status":"open","ping_status":"open","sticky":false,"template":"","format":"standard","meta":{"_jetpack_memberships_contains_paid_content":false,"footnotes":""},"categories":[2],"tags":[],"class_list":["post-7702","post","type-post","status-publish","format-standard","has-post-thumbnail","hentry","category-estado"],"jetpack_featured_media_url":"https:\/\/encuentroinformativo.com.mx\/wp-content\/uploads\/2020\/11\/49E5E1B2-5817-42CA-A838-9C6CC143A82F.jpeg","jetpack_sharing_enabled":true,"jetpack_likes_enabled":true,"amp_enabled":true,"_links":{"self":[{"href":"https:\/\/encuentroinformativo.com.mx\/index.php?rest_route=\/wp\/v2\/posts\/7702","targetHints":{"allow":["GET"]}}],"collection":[{"href":"https:\/\/encuentroinformativo.com.mx\/index.php?rest_route=\/wp\/v2\/posts"}],"about":[{"href":"https:\/\/encuentroinformativo.com.mx\/index.php?rest_route=\/wp\/v2\/types\/post"}],"author":[{"embeddable":true,"href":"https:\/\/encuentroinformativo.com.mx\/index.php?rest_route=\/wp\/v2\/users\/1"}],"replies":[{"embeddable":true,"href":"https:\/\/encuentroinformativo.com.mx\/index.php?rest_route=%2Fwp%2Fv2%2Fcomments&post=7702"}],"version-history":[{"count":1,"href":"https:\/\/encuentroinformativo.com.mx\/index.php?rest_route=\/wp\/v2\/posts\/7702\/revisions"}],"predecessor-version":[{"id":7704,"href":"https:\/\/encuentroinformativo.com.mx\/index.php?rest_route=\/wp\/v2\/posts\/7702\/revisions\/7704"}],"wp:featuredmedia":[{"embeddable":true,"href":"https:\/\/encuentroinformativo.com.mx\/index.php?rest_route=\/wp\/v2\/media\/7703"}],"wp:attachment":[{"href":"https:\/\/encuentroinformativo.com.mx\/index.php?rest_route=%2Fwp%2Fv2%2Fmedia&parent=7702"}],"wp:term":[{"taxonomy":"category","embeddable":true,"href":"https:\/\/encuentroinformativo.com.mx\/index.php?rest_route=%2Fwp%2Fv2%2Fcategories&post=7702"},{"taxonomy":"post_tag","embeddable":true,"href":"https:\/\/encuentroinformativo.com.mx\/index.php?rest_route=%2Fwp%2Fv2%2Ftags&post=7702"}],"curies":[{"name":"wp","href":"https:\/\/api.w.org\/{rel}","templated":true}]}}