{"id":7714,"date":"2020-11-04T15:20:23","date_gmt":"2020-11-04T21:20:23","guid":{"rendered":"https:\/\/encuentroinformativo.com.mx\/?p=7714"},"modified":"2020-11-04T15:20:54","modified_gmt":"2020-11-04T21:20:54","slug":"jubilados-reclaman-pago-pendiente-de-pensiones","status":"publish","type":"post","link":"https:\/\/encuentroinformativo.com.mx\/?p=7714","title":{"rendered":"Jubilados reclaman pago pendiente de pensiones"},"content":{"rendered":"\n<p><strong>Dar\u00edo Pale <\/strong><\/p>\n\n\n\n<p>Xalapa, Ver.- Integrantes de la Alianza de Jubilados, Pensionados y Adultos Mayores de Xalapa realizaron una manifestaci\u00f3n en la plaza Lerdo, para\u00a0Para exigir el pago de pensi\u00f3n correspondiente al tercer trimestre del\u00a0 programa Asistencia para Personas Mayores de 70 a\u00f1os.<\/p>\n\n\n\n<p>Entrevistado durante la manifestaci\u00f3n el presidente de la Alianza Pablo Hern\u00e1ndez Jim\u00e9nez detall\u00f3 que si bien\u00a0 la Ley 223 fue abrogada por el congreso local en julio del presente a\u00f1o, precis\u00f3 que en el presupuesto de egresos estatal del 2020 ya estaba destinada dicha partida.<\/p>\n\n\n\n<p>Los inconformes explicaron que desde el pasado mes de octubre el DIF Estatal debieron depositarle un pago de cinco mil 544 pesos, si que hasta el momento lo hayan realizado.<\/p>\n\n\n\n<p>\u201cLos diputados y el gobierno tuvieron la gracia de cometer un error, pagaron el primer trimestre del 2020, c\u00f3mo hay presupuesto autorizado del 2020, lo van a pagar, ya pagaron el primer, el segundo trimestre, y nos falta que nos paguen el tercer y cuarto trimestre\u201d, se\u00f1al\u00f3.<\/p>\n\n\n\n<p>Hern\u00e1ndez Jim\u00e9nez mostr\u00f3 un documento firmado por la Encargada de Despacho de la Direcci\u00f3n Administrativa del Sistema DIF estatal de Veracruz, Nayel\u00ed Mart\u00ednez Calder\u00f3n, a trav\u00e9s del cual informa que el 19 de agosto, fue depositado el pago a las tarjetas de los beneficiarios, del segundo trimestre del programa Asistencia para Personas Mayores de 70 a\u00f1os.<\/p>\n\n\n\n<p>Incluso dicho documento se\u00f1ala que se est\u00e1n haciendo las gestiones para que se les pague lo correspondiente a los meses de octubre y diciembre.<\/p>\n\n\n\n<p>\u201cEl gobierno debi\u00f3 pagarnos en octubre, nos estamos manifestando porque no nos depositaron 5 mil 544 pesos de octubre, pero ya se les va a juntar diciembre, porque en diciembre nos tienen que depositar el cuarto trimestre, y nos paga el DIF estatal\u201d, finaliz\u00f3.<\/p>\n","protected":false},"excerpt":{"rendered":"<p>Dar\u00edo Pale Xalapa, Ver.- Integrantes de la Alianza de Jubilados, Pensionados y Adultos Mayores de Xalapa realizaron una manifestaci\u00f3n en la plaza Lerdo, para\u00a0Para exigir el pago de pensi\u00f3n correspondiente al tercer trimestre del\u00a0 programa Asistencia para Personas Mayores de 70 a\u00f1os. Entrevistado durante la manifestaci\u00f3n el presidente de la Alianza Pablo Hern\u00e1ndez Jim\u00e9nez detall\u00f3 [&hellip;]<\/p>\n","protected":false},"author":1,"featured_media":7715,"comment_status":"open","ping_status":"open","sticky":false,"template":"","format":"standard","meta":{"_jetpack_memberships_contains_paid_content":false,"footnotes":""},"categories":[3],"tags":[],"class_list":["post-7714","post","type-post","status-publish","format-standard","has-post-thumbnail","hentry","category-xalapa"],"jetpack_featured_media_url":"https:\/\/encuentroinformativo.com.mx\/wp-content\/uploads\/2020\/11\/0F126CD8-C993-4763-9A4A-8D22AB56380B.jpeg","jetpack_sharing_enabled":true,"jetpack_likes_enabled":true,"amp_enabled":true,"_links":{"self":[{"href":"https:\/\/encuentroinformativo.com.mx\/index.php?rest_route=\/wp\/v2\/posts\/7714","targetHints":{"allow":["GET"]}}],"collection":[{"href":"https:\/\/encuentroinformativo.com.mx\/index.php?rest_route=\/wp\/v2\/posts"}],"about":[{"href":"https:\/\/encuentroinformativo.com.mx\/index.php?rest_route=\/wp\/v2\/types\/post"}],"author":[{"embeddable":true,"href":"https:\/\/encuentroinformativo.com.mx\/index.php?rest_route=\/wp\/v2\/users\/1"}],"replies":[{"embeddable":true,"href":"https:\/\/encuentroinformativo.com.mx\/index.php?rest_route=%2Fwp%2Fv2%2Fcomments&post=7714"}],"version-history":[{"count":1,"href":"https:\/\/encuentroinformativo.com.mx\/index.php?rest_route=\/wp\/v2\/posts\/7714\/revisions"}],"predecessor-version":[{"id":7716,"href":"https:\/\/encuentroinformativo.com.mx\/index.php?rest_route=\/wp\/v2\/posts\/7714\/revisions\/7716"}],"wp:featuredmedia":[{"embeddable":true,"href":"https:\/\/encuentroinformativo.com.mx\/index.php?rest_route=\/wp\/v2\/media\/7715"}],"wp:attachment":[{"href":"https:\/\/encuentroinformativo.com.mx\/index.php?rest_route=%2Fwp%2Fv2%2Fmedia&parent=7714"}],"wp:term":[{"taxonomy":"category","embeddable":true,"href":"https:\/\/encuentroinformativo.com.mx\/index.php?rest_route=%2Fwp%2Fv2%2Fcategories&post=7714"},{"taxonomy":"post_tag","embeddable":true,"href":"https:\/\/encuentroinformativo.com.mx\/index.php?rest_route=%2Fwp%2Fv2%2Ftags&post=7714"}],"curies":[{"name":"wp","href":"https:\/\/api.w.org\/{rel}","templated":true}]}}