{"id":7720,"date":"2020-11-04T16:24:20","date_gmt":"2020-11-04T22:24:20","guid":{"rendered":"https:\/\/encuentroinformativo.com.mx\/?p=7720"},"modified":"2020-11-04T16:24:23","modified_gmt":"2020-11-04T22:24:23","slug":"don-ruben-un-accidente-lo-dejo-en-la-indigencia","status":"publish","type":"post","link":"https:\/\/encuentroinformativo.com.mx\/?p=7720","title":{"rendered":"Don Rub\u00e9n, un accidente lo dej\u00f3 en la indigencia"},"content":{"rendered":"\n<p><strong>Juan Arcos <\/strong><\/p>\n\n\n\n<p>Coatepec, Ver.- Rub\u00e9n Sauri Ram\u00edrez ha pensado en suicidarse por la frustraci\u00f3n de perder una pierna en un accidente automovil\u00edstico, no poder trabajar y tener que vivir como indigente, pese a la pandemia del SARS-COV-2 (COVID-19).\u00a0<\/p>\n\n\n\n<p>El se\u00f1or, sin cubrebocas, se sostiene con muletas sobre la acera de la calle Miguel Lerdo, a un costado de Palacio Municipal de Coatepec, donde usa una gorra negra para pedir limosna y comprarse comida.<\/p>\n\n\n\n<p>Tiene 48 a\u00f1os y es originario del municipio de San Andr\u00e9s Tuxtla, ubicado en la zona sur del estado de Veracruz; limita con Catemaco, Hueyapan de Ocampo, Santiago Tuxtla y \u00c1ngel R. Cabada.<\/p>\n\n\n\n<p>En 2017, conduc\u00eda un veh\u00edculo, en estado de ebriedad, sobre la carretera San Andr\u00e9s Tuxtla-Santiago Tuxtla hasta que se impact\u00f3 contra un cami\u00f3n, ocasion\u00e1ndole una fractura expuesta en el antebrazo derecho y diversas lesiones en su pie del mismo lado.<\/p>\n\n\n\n<p>Rub\u00e9n es diab\u00e9tico y su primer dedo estaba fracturado. Lo dej\u00f3 pasar y la lesi\u00f3n no fue atendida de manera oportuna. Todo su pie se gangren\u00f3. Cuando por fin acudi\u00f3 al m\u00e9dico, lo canalizaron a un hospital, donde le amputaron la pierna desde la pantorrilla.<\/p>\n\n\n\n<p>Despu\u00e9s de seis meses de tortura emocional por la p\u00e9rdida de una de sus extremidades y, de pensar una y otra vez en suicidarse, viaj\u00f3 a Xalapa en busca de apoyo institucional para adquirir una pr\u00f3tesis.<\/p>\n\n\n\n<p>Casi dos a\u00f1os vivi\u00f3 en calles del Centro Hist\u00f3rico de la capital, buscando ayuda con regidores, el Sistema para el Desarrollo Integral de la Familia (DIF) y otras instancias, pero no la recibi\u00f3.<\/p>\n\n\n\n<p>Hace ocho meses, decidi\u00f3 trasladarse al municipio de Coatepec, para solicitar el apoyo al gobierno municipal, que encabeza el panista Luis Enrique Fern\u00e1ndez Peredo; sin embargo, tampoco ha sido atendido.<\/p>\n\n\n\n<p>Don Rub\u00e9n se hab\u00eda desempe\u00f1ado como chofer para empresas privadas, actividad que no ha podido retomar por la amputaci\u00f3n de su pierna. Tiene familiares en San Andr\u00e9s Tuxtla, quienes le han negado ayuda y se han dedicado a juzgarlo.<\/p>\n\n\n\n<p>Ahora, duerme junto a los contenedores de elotes en el mercado Miguel Rebolledo, municipio de Coatepec, donde usa una chamarra y solo se cubre con una cobija para protegerse del fr\u00edo en esta temporada, en que la temperatura ha disminuido hasta los diez grados cent\u00edgrados.<\/p>\n\n\n\n<p>Los calambres en su pierna amputada, a causa de las bajas temperaturas, lo despertaron la madrugada de este mi\u00e9rcoles.\u00a0<br>\u201cHizo fr\u00edo anoche. Me dan calambres por el fr\u00edo. Tuve que estarme parando y sobarme para que se me quitaran los calambres. Eran como las cuatro de la ma\u00f1ana, ya no pude dormir, estoy despierto desde esa hora\u201d, cuenta.<\/p>\n\n\n\n<p>Sauri Ram\u00edrez recuerda que su pr\u00f3tesis cuesta entre 15 y 35 mil pesos, dependiendo de los materiales con los que sea fabricada y la calidad de los mismos.<\/p>\n\n\n\n<p>Lo \u00fanico que anhela es otra oportunidad para trabajar nuevamente y poder dormir bajo un techo cada noche, pues lleva tres a\u00f1os como indigente y mendigo.\u00a0<\/p>\n\n\n\n<p>Todos los d\u00edas, por la ma\u00f1ana, se encuentra sobre la calle Miguel Lerdo y, despu\u00e9s de las cinco de la tarde, ingresa al mercado municipal, donde los locatarios le han permitido alojarse.<\/p>\n","protected":false},"excerpt":{"rendered":"<p>Juan Arcos Coatepec, Ver.- Rub\u00e9n Sauri Ram\u00edrez ha pensado en suicidarse por la frustraci\u00f3n de perder una pierna en un accidente automovil\u00edstico, no poder trabajar y tener que vivir como indigente, pese a la pandemia del SARS-COV-2 (COVID-19).\u00a0 El se\u00f1or, sin cubrebocas, se sostiene con muletas sobre la acera de la calle Miguel Lerdo, a [&hellip;]<\/p>\n","protected":false},"author":1,"featured_media":7721,"comment_status":"open","ping_status":"open","sticky":false,"template":"","format":"standard","meta":{"_jetpack_memberships_contains_paid_content":false,"footnotes":""},"categories":[10],"tags":[],"class_list":["post-7720","post","type-post","status-publish","format-standard","has-post-thumbnail","hentry","category-entrevistas"],"jetpack_featured_media_url":"https:\/\/encuentroinformativo.com.mx\/wp-content\/uploads\/2020\/11\/05BD6A24-047D-4DD4-8D90-398307875848.jpeg","jetpack_sharing_enabled":true,"jetpack_likes_enabled":true,"amp_enabled":true,"_links":{"self":[{"href":"https:\/\/encuentroinformativo.com.mx\/index.php?rest_route=\/wp\/v2\/posts\/7720","targetHints":{"allow":["GET"]}}],"collection":[{"href":"https:\/\/encuentroinformativo.com.mx\/index.php?rest_route=\/wp\/v2\/posts"}],"about":[{"href":"https:\/\/encuentroinformativo.com.mx\/index.php?rest_route=\/wp\/v2\/types\/post"}],"author":[{"embeddable":true,"href":"https:\/\/encuentroinformativo.com.mx\/index.php?rest_route=\/wp\/v2\/users\/1"}],"replies":[{"embeddable":true,"href":"https:\/\/encuentroinformativo.com.mx\/index.php?rest_route=%2Fwp%2Fv2%2Fcomments&post=7720"}],"version-history":[{"count":1,"href":"https:\/\/encuentroinformativo.com.mx\/index.php?rest_route=\/wp\/v2\/posts\/7720\/revisions"}],"predecessor-version":[{"id":7722,"href":"https:\/\/encuentroinformativo.com.mx\/index.php?rest_route=\/wp\/v2\/posts\/7720\/revisions\/7722"}],"wp:featuredmedia":[{"embeddable":true,"href":"https:\/\/encuentroinformativo.com.mx\/index.php?rest_route=\/wp\/v2\/media\/7721"}],"wp:attachment":[{"href":"https:\/\/encuentroinformativo.com.mx\/index.php?rest_route=%2Fwp%2Fv2%2Fmedia&parent=7720"}],"wp:term":[{"taxonomy":"category","embeddable":true,"href":"https:\/\/encuentroinformativo.com.mx\/index.php?rest_route=%2Fwp%2Fv2%2Fcategories&post=7720"},{"taxonomy":"post_tag","embeddable":true,"href":"https:\/\/encuentroinformativo.com.mx\/index.php?rest_route=%2Fwp%2Fv2%2Ftags&post=7720"}],"curies":[{"name":"wp","href":"https:\/\/api.w.org\/{rel}","templated":true}]}}