{"id":773,"date":"2020-03-11T15:30:36","date_gmt":"2020-03-11T21:30:36","guid":{"rendered":"https:\/\/encuentroinformativo.com\/?p=773"},"modified":"2020-03-11T15:30:38","modified_gmt":"2020-03-11T21:30:38","slug":"senalan-falta-de-iniciativas-a-favor-de-las-mujeres","status":"publish","type":"post","link":"https:\/\/encuentroinformativo.com.mx\/?p=773","title":{"rendered":"Se\u00f1alan falta de iniciativas a favor de las mujeres"},"content":{"rendered":"\n<p><strong>Dar\u00edo Pale <\/strong><\/p>\n\n\n\n<p>Xalapa, Ver.- El representante pol\u00edtico Nacional del Movimiento Popular Francisco Villa, Arnulfo Reyes Cruz (el Vaquero), dio a conocer que se debe hacer una iniciativa de gobierno con proyecto de naci\u00f3n para respaldar a las mujeres en sus necesidades.<\/p>\n\n\n\n<p>En conferencia de prensa realizada en conocido caf\u00e9 del centro de Xalapa, se\u00f1al\u00f3 que el movimiento no est\u00e1 dando el ancho en lo que se debe por las mujeres ya que el Movimiento Popular Francisco Villa pudiera dar m\u00e1s si hubiera m\u00e1s oportunidades de que hicieran declaraciones las mujeres.<\/p>\n\n\n\n<p>Hace falta que tengan una voz ya que los feminicidios son a quienes m\u00e1s han afectado y en la organizaci\u00f3n son quienes m\u00e1s participan en las marchas, mitines, reuniones, las faenas entre otras actividades.<\/p>\n\n\n\n<p>Se\u00f1al\u00f3 que para poder apoyar a las mujeres deben de estudiar las necesidades de las mujeres como hacer un proyecto que lo puedan presentar a los gobiernos de los estados como iniciativas de reforma a la constituci\u00f3n para que no solo quede el feminicidio planteado como una necesidad de las mujeres.<\/p>\n\n\n\n<p>Se debe de dar m\u00e1s carcel a los violadores, adem\u00e1s de poner m\u00e1s castigo a quienes lastiman a las mujeres ya sea en el hogar en el trabajo, en todos los \u00e1mbitos sociales, ya que es muy fuerte la fuerza laboral en el pa\u00eds ya que est\u00e1n en todas las dependencias de gobierno tanto federal, estatal y municipal.<\/p>\n\n\n\n<p>Finalmente recalc\u00f3 que habr\u00eda que hacer una iniciativa de gobierno con proyecto de naci\u00f3n que respaldar\u00e1 m\u00e1s a las mujeres en sus necesidades y el gobernador de Veracruz no lo ha hecho.<\/p>\n\n\n\n<p><\/p>\n\n\n\n<p>el Vaquero), dio a conocer que se debe hacer una iniciativa de gobierno con proyecto de naci\u00f3n para respaldar a las mujeres en sus necesidades.<br>En conferencia de prensa realizada en conocido caf\u00e9 del centro de Xalapa se\u00f1al\u00f3 que el movimiento no est\u00e1 dando el ancho en lo que se debe por las mujeres ya que el Movimiento Popular Francisco Villa pudiera dar m\u00e1s si hubiera m\u00e1s oportunidades de que hicieran declaraciones las mujeres.<br>Hace falta que tengan una voz ya que los feminicidios son a quienes m\u00e1s han afectado y en la organizaci\u00f3n son quienes m\u00e1s participan en las marchas, mitines, reuniones, las faenas entre otras actividades.<br>Se\u00f1al\u00f3 que para poder apoyar a las mujeres deben de estudiar las necesidades de las mujeres como hacer un proyecto que lo puedan presentar a los gobiernos de los estados como iniciativas de reforma a la constituci\u00f3n para que no solo quede el feminicidio planteado como una necesidad de las mujeres.<br>Se debe de dar m\u00e1s carcel a los violadores, adem\u00e1s de poner m\u00e1s castigo a quienes lastiman a las mujeres ya sea en el hogar en el trabajo, en todos los \u00e1mbitos sociales, ya que es muy fuerte la fuerza laboral en el pa\u00eds ya que est\u00e1n en todas las dependencias de gobierno tanto federal, estatal y municipal.<br>Finalmente recalc\u00f3 que habr\u00eda que hacer una iniciativa de gobierno con proyecto de naci\u00f3n que respaldar\u00e1 m\u00e1s a las mujeres en sus necesidades y el gobernador de Veracruz no lo ha hecho.<\/p>\n\n\n\n<p><\/p>\n","protected":false},"excerpt":{"rendered":"<p>Dar\u00edo Pale Xalapa, Ver.- El representante pol\u00edtico Nacional del Movimiento Popular Francisco Villa, Arnulfo Reyes Cruz (el Vaquero), dio a conocer que se debe hacer una iniciativa de gobierno con proyecto de naci\u00f3n para respaldar a las mujeres en sus necesidades. En conferencia de prensa realizada en conocido caf\u00e9 del centro de Xalapa, se\u00f1al\u00f3 que [&hellip;]<\/p>\n","protected":false},"author":1,"featured_media":774,"comment_status":"open","ping_status":"open","sticky":false,"template":"","format":"standard","meta":{"_jetpack_memberships_contains_paid_content":false,"footnotes":""},"categories":[3],"tags":[],"class_list":["post-773","post","type-post","status-publish","format-standard","has-post-thumbnail","hentry","category-xalapa"],"jetpack_featured_media_url":"https:\/\/encuentroinformativo.com.mx\/wp-content\/uploads\/2020\/03\/C7C3010C-78E1-4DA4-B8EF-56A710796309.jpeg","jetpack_sharing_enabled":true,"jetpack_likes_enabled":true,"amp_enabled":true,"_links":{"self":[{"href":"https:\/\/encuentroinformativo.com.mx\/index.php?rest_route=\/wp\/v2\/posts\/773","targetHints":{"allow":["GET"]}}],"collection":[{"href":"https:\/\/encuentroinformativo.com.mx\/index.php?rest_route=\/wp\/v2\/posts"}],"about":[{"href":"https:\/\/encuentroinformativo.com.mx\/index.php?rest_route=\/wp\/v2\/types\/post"}],"author":[{"embeddable":true,"href":"https:\/\/encuentroinformativo.com.mx\/index.php?rest_route=\/wp\/v2\/users\/1"}],"replies":[{"embeddable":true,"href":"https:\/\/encuentroinformativo.com.mx\/index.php?rest_route=%2Fwp%2Fv2%2Fcomments&post=773"}],"version-history":[{"count":1,"href":"https:\/\/encuentroinformativo.com.mx\/index.php?rest_route=\/wp\/v2\/posts\/773\/revisions"}],"predecessor-version":[{"id":775,"href":"https:\/\/encuentroinformativo.com.mx\/index.php?rest_route=\/wp\/v2\/posts\/773\/revisions\/775"}],"wp:featuredmedia":[{"embeddable":true,"href":"https:\/\/encuentroinformativo.com.mx\/index.php?rest_route=\/wp\/v2\/media\/774"}],"wp:attachment":[{"href":"https:\/\/encuentroinformativo.com.mx\/index.php?rest_route=%2Fwp%2Fv2%2Fmedia&parent=773"}],"wp:term":[{"taxonomy":"category","embeddable":true,"href":"https:\/\/encuentroinformativo.com.mx\/index.php?rest_route=%2Fwp%2Fv2%2Fcategories&post=773"},{"taxonomy":"post_tag","embeddable":true,"href":"https:\/\/encuentroinformativo.com.mx\/index.php?rest_route=%2Fwp%2Fv2%2Ftags&post=773"}],"curies":[{"name":"wp","href":"https:\/\/api.w.org\/{rel}","templated":true}]}}