{"id":7732,"date":"2020-11-05T11:27:49","date_gmt":"2020-11-05T17:27:49","guid":{"rendered":"https:\/\/encuentroinformativo.com.mx\/?p=7732"},"modified":"2020-11-05T11:27:52","modified_gmt":"2020-11-05T17:27:52","slug":"normalistas-demandan-asignacion-de-plazas-protestan-en-la-sev","status":"publish","type":"post","link":"https:\/\/encuentroinformativo.com.mx\/?p=7732","title":{"rendered":"Normalistas demandan asignaci\u00f3n de plazas, protestan en la SEV"},"content":{"rendered":"\n<p><strong>Juan Arcos <\/strong><\/p>\n\n\n\n<p>Xalapa, Ver.- Egresados de escuelas normales p\u00fablicas protestaron nuevamente afuera de las oficinas centrales de la Secretar\u00eda de Educaci\u00f3n de Veracruz (SEV), para exigir la asignaci\u00f3n de plazas docentes.<\/p>\n\n\n\n<p>Los inconformes se plantaron afuera de la dependencia estatal, ubicada sobre la carretera federal Xalapa-Veracruz, para solicitar una audiencia con autoridades educativas.<\/p>\n\n\n\n<p>De acuerdo con Mart\u00edn Mendoza, egresado de la licenciatura en Educaci\u00f3n F\u00edsica de la Benem\u00e9rita Escuela Normal Veracruzana (BENV) \u201cEnrique C. Rebsamen\u201d, hasta el momento no han recibido una respuesta favorable por parte de las autoridades.<\/p>\n\n\n\n<p>Cabe recordar que protestaron el pasado 20 de octubre por el mismo motivo. En aquella ocasi\u00f3n fueron recibidos por autoridades educativas, quienes se comprometieron a agilizar los tr\u00e1mites correspondientes.<\/p>\n\n\n\n<p>Sin embargo, 15 d\u00edas despu\u00e9s, el problema no ha sido resuelto y, por ello, los j\u00f3venes egresados de las licenciaturas de preescolar, educaci\u00f3n b\u00e1sica, telesecundaria y educaci\u00f3n especial, debieron manifestarse nuevamente.<\/p>\n\n\n\n<p>En lista de espera est\u00e1n m\u00e1s de 360 egresados, s\u00f3lo de la carrera de Educaci\u00f3n F\u00edsica, quienes ya fueron seleccionados para la asignaci\u00f3n de una plaza docente.<\/p>\n\n\n\n<p>En el caso de los docentes de preescolar, hay m\u00e1s de 500 en la primera lista de espera; sin embargo, se habla de m\u00e1s de mil docentes que iniciaron el proceso para adquirir una plaza y poder laborar.<\/p>\n\n\n\n<p>\u201cEstamos exigiendo a las autoridades la asignaci\u00f3n de plazas definitivas respecto a la lista uno, estamos exigiendo que se respeten nuestros derechos. Exigimos a las autoridades que a las personas que ya se les llam\u00f3 les den sus \u00f3rdenes de presentaci\u00f3n, ya que el proceso est\u00e1 incompleto\u201d.<\/p>\n\n\n\n<p>Cabe mencionar que los normalistas cumplieron con la entrega de papeletas y otros documentos durante los meses de febrero y marzo de este a\u00f1o, para acceder a la plaza docente, pero el tr\u00e1mite fue detenido por la pandemia del SARS-COV-2 (COVID-19).<\/p>\n","protected":false},"excerpt":{"rendered":"<p>Juan Arcos Xalapa, Ver.- Egresados de escuelas normales p\u00fablicas protestaron nuevamente afuera de las oficinas centrales de la Secretar\u00eda de Educaci\u00f3n de Veracruz (SEV), para exigir la asignaci\u00f3n de plazas docentes. Los inconformes se plantaron afuera de la dependencia estatal, ubicada sobre la carretera federal Xalapa-Veracruz, para solicitar una audiencia con autoridades educativas. De acuerdo [&hellip;]<\/p>\n","protected":false},"author":1,"featured_media":7733,"comment_status":"open","ping_status":"open","sticky":false,"template":"","format":"standard","meta":{"_jetpack_memberships_contains_paid_content":false,"footnotes":""},"categories":[3],"tags":[],"class_list":["post-7732","post","type-post","status-publish","format-standard","has-post-thumbnail","hentry","category-xalapa"],"jetpack_featured_media_url":"https:\/\/encuentroinformativo.com.mx\/wp-content\/uploads\/2020\/11\/D357098C-B6A2-4ABA-94CC-AD73AB7EE77D.jpeg","jetpack_sharing_enabled":true,"jetpack_likes_enabled":true,"amp_enabled":true,"_links":{"self":[{"href":"https:\/\/encuentroinformativo.com.mx\/index.php?rest_route=\/wp\/v2\/posts\/7732","targetHints":{"allow":["GET"]}}],"collection":[{"href":"https:\/\/encuentroinformativo.com.mx\/index.php?rest_route=\/wp\/v2\/posts"}],"about":[{"href":"https:\/\/encuentroinformativo.com.mx\/index.php?rest_route=\/wp\/v2\/types\/post"}],"author":[{"embeddable":true,"href":"https:\/\/encuentroinformativo.com.mx\/index.php?rest_route=\/wp\/v2\/users\/1"}],"replies":[{"embeddable":true,"href":"https:\/\/encuentroinformativo.com.mx\/index.php?rest_route=%2Fwp%2Fv2%2Fcomments&post=7732"}],"version-history":[{"count":1,"href":"https:\/\/encuentroinformativo.com.mx\/index.php?rest_route=\/wp\/v2\/posts\/7732\/revisions"}],"predecessor-version":[{"id":7734,"href":"https:\/\/encuentroinformativo.com.mx\/index.php?rest_route=\/wp\/v2\/posts\/7732\/revisions\/7734"}],"wp:featuredmedia":[{"embeddable":true,"href":"https:\/\/encuentroinformativo.com.mx\/index.php?rest_route=\/wp\/v2\/media\/7733"}],"wp:attachment":[{"href":"https:\/\/encuentroinformativo.com.mx\/index.php?rest_route=%2Fwp%2Fv2%2Fmedia&parent=7732"}],"wp:term":[{"taxonomy":"category","embeddable":true,"href":"https:\/\/encuentroinformativo.com.mx\/index.php?rest_route=%2Fwp%2Fv2%2Fcategories&post=7732"},{"taxonomy":"post_tag","embeddable":true,"href":"https:\/\/encuentroinformativo.com.mx\/index.php?rest_route=%2Fwp%2Fv2%2Ftags&post=7732"}],"curies":[{"name":"wp","href":"https:\/\/api.w.org\/{rel}","templated":true}]}}