{"id":7738,"date":"2020-11-05T13:21:01","date_gmt":"2020-11-05T19:21:01","guid":{"rendered":"https:\/\/encuentroinformativo.com.mx\/?p=7738"},"modified":"2020-11-05T13:21:32","modified_gmt":"2020-11-05T19:21:32","slug":"reanudan-protestas-familiares-de-gustavo-ortiz-demandan-justicia","status":"publish","type":"post","link":"https:\/\/encuentroinformativo.com.mx\/?p=7738","title":{"rendered":"Reanudan protestas familiares de Gustavo Ortiz, demandan justicia"},"content":{"rendered":"\n<p><strong>Juan Arcos <\/strong><\/p>\n\n\n\n<p>Xalapa, Ver.- Familiares de Gustavo Ortiz Hern\u00e1ndez protestaron nuevamente frente a Palacio de Gobierno para exigir que sea aplicado todo el peso de la ley contra los responsables de la muerte del joven, al interior del cuartel Heriberto Jara Corona, mejor conocido como San Jos\u00e9.<\/p>\n\n\n\n<p>Las personas se plantaron en Plaza Sebasti\u00e1n Lerdo de Tejada, con lonas y pancartas, donde se le\u00eda: \u201cJusticia para Gustavo Ortiz\u201d.<\/p>\n\n\n\n<p>Se trata de un joven, de 36 a\u00f1os, quien fue arrestado el pasado s\u00e1bado 24 de octubre y muri\u00f3 horas m\u00e1s tarde, presuntamente a causa de una severa intoxicaci\u00f3n, reporta la parte informativa de la Polic\u00eda Estatal.\u00a0<\/p>\n\n\n\n<p>Gustavo fue se\u00f1alado de presunto extorsionador y despu\u00e9s se inform\u00f3 a sus familiares que hab\u00eda fallecido de un infarto dentro de la comandancia.&nbsp;<\/p>\n\n\n\n<p>Sus parientes denunciaron que fue brutalmente golpeado por elementos de la Secretar\u00eda de Seguridad P\u00fablica (SSP), situaci\u00f3n que le ocasion\u00f3 la muerte.<\/p>\n\n\n\n<p>Tambi\u00e9n comentaron que era inocente y se desempe\u00f1aba como campesino y comerciante. Adem\u00e1s, de que no ten\u00eda antecedentes penales.<\/p>\n\n\n\n<p>Silvia, su hermana, indic\u00f3 que Gustavo ha sido criminalizado antes y despu\u00e9s de su muerte. Incluso, las im\u00e1genes que han circulado en redes sociales, donde se le relaciona con un sujeto que ha cometido atracos en el centro de Xalapa, han ocasionado que la familia sea v\u00edctima de ofensas en la v\u00eda p\u00fablica.<\/p>\n\n\n\n<p>Por tal motivo, exigi\u00f3 a la Fiscal\u00eda General del Estado (FGE), a cargo de Ver\u00f3nica Hern\u00e1ndez Giad\u00e1ns, que agilice las investigaciones para que se esclarezca el caso, pues temen por su seguridad.<\/p>\n","protected":false},"excerpt":{"rendered":"<p>Juan Arcos Xalapa, Ver.- Familiares de Gustavo Ortiz Hern\u00e1ndez protestaron nuevamente frente a Palacio de Gobierno para exigir que sea aplicado todo el peso de la ley contra los responsables de la muerte del joven, al interior del cuartel Heriberto Jara Corona, mejor conocido como San Jos\u00e9. Las personas se plantaron en Plaza Sebasti\u00e1n Lerdo [&hellip;]<\/p>\n","protected":false},"author":1,"featured_media":7739,"comment_status":"open","ping_status":"open","sticky":false,"template":"","format":"standard","meta":{"_jetpack_memberships_contains_paid_content":false,"footnotes":""},"categories":[3],"tags":[],"class_list":["post-7738","post","type-post","status-publish","format-standard","has-post-thumbnail","hentry","category-xalapa"],"jetpack_featured_media_url":"https:\/\/encuentroinformativo.com.mx\/wp-content\/uploads\/2020\/11\/13FE2150-D7F5-49BF-B9B6-9A2232563035.jpeg","jetpack_sharing_enabled":true,"jetpack_likes_enabled":true,"amp_enabled":true,"_links":{"self":[{"href":"https:\/\/encuentroinformativo.com.mx\/index.php?rest_route=\/wp\/v2\/posts\/7738","targetHints":{"allow":["GET"]}}],"collection":[{"href":"https:\/\/encuentroinformativo.com.mx\/index.php?rest_route=\/wp\/v2\/posts"}],"about":[{"href":"https:\/\/encuentroinformativo.com.mx\/index.php?rest_route=\/wp\/v2\/types\/post"}],"author":[{"embeddable":true,"href":"https:\/\/encuentroinformativo.com.mx\/index.php?rest_route=\/wp\/v2\/users\/1"}],"replies":[{"embeddable":true,"href":"https:\/\/encuentroinformativo.com.mx\/index.php?rest_route=%2Fwp%2Fv2%2Fcomments&post=7738"}],"version-history":[{"count":1,"href":"https:\/\/encuentroinformativo.com.mx\/index.php?rest_route=\/wp\/v2\/posts\/7738\/revisions"}],"predecessor-version":[{"id":7740,"href":"https:\/\/encuentroinformativo.com.mx\/index.php?rest_route=\/wp\/v2\/posts\/7738\/revisions\/7740"}],"wp:featuredmedia":[{"embeddable":true,"href":"https:\/\/encuentroinformativo.com.mx\/index.php?rest_route=\/wp\/v2\/media\/7739"}],"wp:attachment":[{"href":"https:\/\/encuentroinformativo.com.mx\/index.php?rest_route=%2Fwp%2Fv2%2Fmedia&parent=7738"}],"wp:term":[{"taxonomy":"category","embeddable":true,"href":"https:\/\/encuentroinformativo.com.mx\/index.php?rest_route=%2Fwp%2Fv2%2Fcategories&post=7738"},{"taxonomy":"post_tag","embeddable":true,"href":"https:\/\/encuentroinformativo.com.mx\/index.php?rest_route=%2Fwp%2Fv2%2Ftags&post=7738"}],"curies":[{"name":"wp","href":"https:\/\/api.w.org\/{rel}","templated":true}]}}