{"id":7744,"date":"2020-11-05T14:16:36","date_gmt":"2020-11-05T20:16:36","guid":{"rendered":"https:\/\/encuentroinformativo.com.mx\/?p=7744"},"modified":"2020-11-05T14:16:39","modified_gmt":"2020-11-05T20:16:39","slug":"se-investigaran-muertes-en-cuartel-de-san-jose-gobernador","status":"publish","type":"post","link":"https:\/\/encuentroinformativo.com.mx\/?p=7744","title":{"rendered":"Se investigar\u00e1n muertes en cuartel de San Jos\u00e9: Gobernador"},"content":{"rendered":"\n<p><strong>Dar\u00edo Pale <\/strong><\/p>\n\n\n\n<p>Xalapa, Ver.- El gobernador del estado Cuitl\u00e1huac Garc\u00eda Jim\u00e9nez dio a conocer que se investigar\u00e1n todos los casos de las personas que han sido detenidas y que hayan perdido la vida al interior del cuartel &#8220;San Jos\u00e9&#8221;, ya que reiter\u00f3 que en la presente administraci\u00f3n no se proteger\u00e1 a nadie y se proceder\u00e1 conforme a la ley.<\/p>\n\n\n\n<p>Entrevistado posterior a la entrega de 46 viviendas a familiares de polic\u00edas ca\u00eddos en el cumplimiento de su deber en el cuartel San Jos\u00e9 donde se le cuestion\u00f3 sobre el caso de las personas que han perdido la vida al interior del cuartel se\u00f1al\u00f3 que ,\u00a0\u201cse va a investigar eso, no debe pasar, no debe pasar, se va a investigar bien para deslindar responsabilidades\u201d.<\/p>\n\n\n\n<p>Asimismo, manifest\u00f3 que dialog\u00f3 con el titular de la Secretar\u00eda de Seguridad P\u00fablica (SSP), Hugo Guti\u00e9rrez Maldonado quien inform\u00f3 que asuntos internos realiza las investigaciones y donde le hizo patente no se proteger\u00e1 a nadie,\u00a0\u201csi habl\u00e9 con \u00e9l me dice que se investigar de acuerdo a la ley\u201d.<\/p>\n\n\n\n<p>Cabe recordar que el pasado 4 de mayo un joven fue detenido tras ser reportado por escandalizar en un fraccionamiento de Xalapa, por lo que fue llevado al cuartel de San Jos\u00e9, sin embargo, al transcurrir las horas se inform\u00f3 que muri\u00f3 dentro de los separos.<\/p>\n\n\n\n<p>Los familiares aseguraron que fue objeto de abuso policiaco, al ser golpeado pues su cuerpo presenta m\u00faltiples golpes, por lo que exigieron se aclarara la situaci\u00f3n y se castigara a los presuntos responsables.<\/p>\n\n\n\n<p>Mientras el segundo caso que se denunci\u00f3, fue el pasado 24 de octubre, donde detuvieron a un presunto extorsionador, sin embargo, se report\u00f3 que muri\u00f3 al interior horas m\u00e1s tarde, hecho que deriv\u00f3 en manifestaciones de los familiares, y en los dos\u00a0casos, la propia SSP mantiene abiertas las investigaciones, para proceder conforme a la legalidad.<\/p>\n","protected":false},"excerpt":{"rendered":"<p>Dar\u00edo Pale Xalapa, Ver.- El gobernador del estado Cuitl\u00e1huac Garc\u00eda Jim\u00e9nez dio a conocer que se investigar\u00e1n todos los casos de las personas que han sido detenidas y que hayan perdido la vida al interior del cuartel &#8220;San Jos\u00e9&#8221;, ya que reiter\u00f3 que en la presente administraci\u00f3n no se proteger\u00e1 a nadie y se proceder\u00e1 [&hellip;]<\/p>\n","protected":false},"author":1,"featured_media":7324,"comment_status":"open","ping_status":"open","sticky":false,"template":"","format":"standard","meta":{"_jetpack_memberships_contains_paid_content":false,"footnotes":""},"categories":[2],"tags":[],"class_list":["post-7744","post","type-post","status-publish","format-standard","has-post-thumbnail","hentry","category-estado"],"jetpack_featured_media_url":"https:\/\/encuentroinformativo.com.mx\/wp-content\/uploads\/2020\/10\/8BA4C3C6-BF4D-4D12-AF64-17FAAE1653D2.jpeg","jetpack_sharing_enabled":true,"jetpack_likes_enabled":true,"amp_enabled":true,"_links":{"self":[{"href":"https:\/\/encuentroinformativo.com.mx\/index.php?rest_route=\/wp\/v2\/posts\/7744","targetHints":{"allow":["GET"]}}],"collection":[{"href":"https:\/\/encuentroinformativo.com.mx\/index.php?rest_route=\/wp\/v2\/posts"}],"about":[{"href":"https:\/\/encuentroinformativo.com.mx\/index.php?rest_route=\/wp\/v2\/types\/post"}],"author":[{"embeddable":true,"href":"https:\/\/encuentroinformativo.com.mx\/index.php?rest_route=\/wp\/v2\/users\/1"}],"replies":[{"embeddable":true,"href":"https:\/\/encuentroinformativo.com.mx\/index.php?rest_route=%2Fwp%2Fv2%2Fcomments&post=7744"}],"version-history":[{"count":1,"href":"https:\/\/encuentroinformativo.com.mx\/index.php?rest_route=\/wp\/v2\/posts\/7744\/revisions"}],"predecessor-version":[{"id":7745,"href":"https:\/\/encuentroinformativo.com.mx\/index.php?rest_route=\/wp\/v2\/posts\/7744\/revisions\/7745"}],"wp:featuredmedia":[{"embeddable":true,"href":"https:\/\/encuentroinformativo.com.mx\/index.php?rest_route=\/wp\/v2\/media\/7324"}],"wp:attachment":[{"href":"https:\/\/encuentroinformativo.com.mx\/index.php?rest_route=%2Fwp%2Fv2%2Fmedia&parent=7744"}],"wp:term":[{"taxonomy":"category","embeddable":true,"href":"https:\/\/encuentroinformativo.com.mx\/index.php?rest_route=%2Fwp%2Fv2%2Fcategories&post=7744"},{"taxonomy":"post_tag","embeddable":true,"href":"https:\/\/encuentroinformativo.com.mx\/index.php?rest_route=%2Fwp%2Fv2%2Ftags&post=7744"}],"curies":[{"name":"wp","href":"https:\/\/api.w.org\/{rel}","templated":true}]}}