{"id":7757,"date":"2020-11-06T10:19:09","date_gmt":"2020-11-06T16:19:09","guid":{"rendered":"https:\/\/encuentroinformativo.com.mx\/?p=7757"},"modified":"2020-11-06T10:19:13","modified_gmt":"2020-11-06T16:19:13","slug":"los-xv-de-kimberly","status":"publish","type":"post","link":"https:\/\/encuentroinformativo.com.mx\/?p=7757","title":{"rendered":"Los XV de Kimberly"},"content":{"rendered":"\n<p><strong>Los Pol\u00edticos<\/strong><\/p>\n\n\n\n<p><strong>Salvador Mu\u00f1oz<\/strong><\/p>\n\n\n\n<p>Al correo de este columnista, lleg\u00f3 la carta de un padre de familia que narra las terribles circunstancias en las que se ha visto envuelto, juzgado por medio mundo, pero abogando a que cualquier proveedor familiar, una vez que haya concluido la lectura, comprenda su situaci\u00f3n\u2026 a continuaci\u00f3n, el texto:<\/p>\n\n\n\n<p>\u201cMi Kimberly ten\u00eda una ilusi\u00f3n \u00a1y qui\u00e9n soy yo para no cumpl\u00edrsela! Sobre todo cuando ahora hay lodo y ni modo de que no nos atasquemos, porque qui\u00e9n sabe despu\u00e9s del 21\u2026<\/p>\n\n\n\n<p>\u201c\u00a1Claro! Yo hubiera querido darle a la Kimberly un viaje, porque ya ven que dicen que los viajes ilustran, y ya est\u00e1bamos armando el paquete ac\u00e1 en la Ciudad de M\u00e9xico, para llevarla al Chapultepec, a Xochimilco, a Six Flags, \u00a1hasta al \u201cSumaye\u201d, porque d\u00e9jenme decirle que le habl\u00e9 a la Sheinbaum, y me iba a salir casi gratis el viaje, \u00a1cuando se enter\u00f3 mi Kimberly! \u00a1Huy, no! Ella quer\u00eda irse a las Europas, conocer Espa\u00f1a, Francia, Suiza, Holanda\u2026 hice cuentas y tuve que despedir a su hermano Kevin para que me alcanzara para el viaje al otro lado del charco\u2026 ya hab\u00eda conseguido un viaje econ\u00f3mico para todos, cuando mi hija que me dice \u00a1que a d\u00f3nde iba toda la pinche familia! \u00a1Eran sus quince, no de todos!<\/p>\n\n\n\n<p>\u201cGanas no me faltaron de quitarme el cintur\u00f3n y soltarle dos o tres trancazos \u00a1pero que me acuerdo de mi compa\u00f1ero Rub\u00e9n! \u00a1Nooo! \u00a1Capaz que la canija de Kimberly me balconea igual de feo que exhibieron a mi camarada\u2026 \u00a1Ja! Que deja el Congreso para un proyecto personal\u2026 \u00a1nombre! \u00a1m\u00e1s bien para atender un asunto personal!<\/p>\n\n\n\n<p>\u201cTotal que le dije a la Kimberly: Ah! no quieres que te acompa\u00f1emos! \u00a1Pues te chingas! Ahora van tus quince a\u00f1os!<\/p>\n\n\n\n<p>\u201cQue me llora, que me patalea, que me hace berrinche peor de los que hizo Porfirio Mu\u00f1oz Ledo cuando le dijeron que iba una tercera encuesta\u2026 pero as\u00ed como resistimos a don Porfirio, igual nos aguantamos con la Kimberly\u2026 no cedimos!<\/p>\n\n\n\n<p>\u201cTodo iba bien\u2026 y para que no me criticaran mis cr\u00edticos, me propuse hacer unos XV A\u00f1os austeros, republicanos, elegantes pero sin llegar a fif\u00ed, eso s\u00ed, de pueblo, pero no conservadores ni liberales\u2026 \u00bfc\u00f3mo? \u00a1F\u00e1cil! Le busqu\u00e9 a la Kimberly sus padrinos!<\/p>\n\n\n\n<p>\u201cComo madrina de adornos, pens\u00e9 en X\u00f3chitl Arbes\u00fa, porque es muy buena para estar de adorno\u2026<\/p>\n\n\n\n<p>\u201cComo madrina de arreglos, la Fiscal Ver\u00f3nica Hern\u00e1ndez\u2026 ya ven c\u00f3mo le arregl\u00f3 sus asuntos a Manuel Huerta y a Rub\u00e9n R\u00edos Uribe\u2026<\/p>\n\n\n\n<p>\u201cComo padrino de invitaciones, a Esteban Ram\u00edrez Zepeta, con eso de que en sus eventos met\u00eda hasta a mil personas y sin broncas sanitarias\u2026<\/p>\n\n\n\n<p>\u201cLa madrina de mu\u00f1eca por supuesto que ser\u00eda Jessica Ram\u00edrez\u2026 ya ven que ahora luce como una Barbie tehuana\u2026<\/p>\n\n\n\n<p>\u201cPadrino de vestido, Cuitl\u00e1huac\u2026 pero como no es capaz de llenar la investidura de Gobernador, decid\u00ed mejor comprarle yo el vestido\u2026<\/p>\n\n\n\n<p>\u201cA mi camarada Ana Miriam le ped\u00ed que fuera madrina de Pastel\u2026 mi Kimberly pidi\u00f3 que fuera de coco, y cuando me dijo Ana Miriam que no hab\u00eda visto la pel\u00edcula, decid\u00ed comprarlo tambi\u00e9n\u2026<\/p>\n\n\n\n<p>\u201cNo sab\u00eda a qui\u00e9n pedirle que fuera Padrino de Brindis\u2026 pero Sergio, el Procurador del Medio Ambiente, \u00a1se ofreci\u00f3 amablemente!<\/p>\n\n\n\n<p>\u201cLa Kimberly ya se hab\u00eda apalabrado con los chambelanes y todos sus cuates\u2026 \u00a1Eso s\u00ed! tratamos de no invitar a ning\u00fan familiar porque capaz que acusaban nepotismo en los XV A\u00f1os y la verdad, ya no quisimos arriesgarnos\u2026<\/p>\n\n\n\n<p>\u201c\u00a1Y s\u00ed! \u00a1armamos el pachang\u00f3n! \u00a1un chorro de barbacoa! \u00a1frijolitos! \u00a1Aguas de sabores! \u00a1Tamalios y pan de muerto! Y si bien, no fueron muchos los invitados, como 50\u2026 no, menos, unos 120, podemos garantizar que se cubrieron todos los protocolos sanitarios que marca la Cuarta Transformaci\u00f3n: a cada invitado se le entreg\u00f3 su \u201cDetente Enemigo\u201d con la imagen de nuestro Presidente; un tr\u00e9bol de cuatro hojas, un billete de dos d\u00f3lares, as\u00ed como la carta-compromiso de cada uno de los presentes de que no ment\u00edan, no robaban ni traicionaban y as\u00ed evitar contraer el Coronavirus, lo que daba a cada uno de ellos, la Fuerza Moral necesaria para que todos los presentes tuvieran la seguridad de que nadie se pod\u00eda enfermar en la fiesta de mi Kimberly\u2026<\/p>\n\n\n\n<p>\u201cConocidos ya todos los antecedentes, s\u00f3lo me queda preguntarles queridos padres de familia: Ustedes, \u00bfqu\u00e9 no hubieran hecho por una hija?<\/p>\n\n\n\n<p><br>\u201cAtentamente<br>Maleno\u201d<br>Hasta aqu\u00ed el testimonio de una carta que s\u00f3lo en la parodia pol\u00edtica, es posible leer\u2026<br><br><a href=\"mailto:smcainito@gmail.com\" target=\"_blank\" rel=\"noreferrer noopener\">smcainito@gmail.com<\/a><\/p>\n","protected":false},"excerpt":{"rendered":"<p>Los Pol\u00edticos Salvador Mu\u00f1oz Al correo de este columnista, lleg\u00f3 la carta de un padre de familia que narra las terribles circunstancias en las que se ha visto envuelto, juzgado por medio mundo, pero abogando a que cualquier proveedor familiar, una vez que haya concluido la lectura, comprenda su situaci\u00f3n\u2026 a continuaci\u00f3n, el texto: \u201cMi [&hellip;]<\/p>\n","protected":false},"author":1,"featured_media":387,"comment_status":"open","ping_status":"open","sticky":false,"template":"","format":"standard","meta":{"_jetpack_memberships_contains_paid_content":false,"footnotes":""},"categories":[11],"tags":[],"class_list":["post-7757","post","type-post","status-publish","format-standard","has-post-thumbnail","hentry","category-opinion"],"jetpack_featured_media_url":"https:\/\/encuentroinformativo.com.mx\/wp-content\/uploads\/2020\/03\/7CF8A22B-2764-47BE-8F7F-38FE9E5D6A2F.jpeg","jetpack_sharing_enabled":true,"jetpack_likes_enabled":true,"amp_enabled":true,"_links":{"self":[{"href":"https:\/\/encuentroinformativo.com.mx\/index.php?rest_route=\/wp\/v2\/posts\/7757","targetHints":{"allow":["GET"]}}],"collection":[{"href":"https:\/\/encuentroinformativo.com.mx\/index.php?rest_route=\/wp\/v2\/posts"}],"about":[{"href":"https:\/\/encuentroinformativo.com.mx\/index.php?rest_route=\/wp\/v2\/types\/post"}],"author":[{"embeddable":true,"href":"https:\/\/encuentroinformativo.com.mx\/index.php?rest_route=\/wp\/v2\/users\/1"}],"replies":[{"embeddable":true,"href":"https:\/\/encuentroinformativo.com.mx\/index.php?rest_route=%2Fwp%2Fv2%2Fcomments&post=7757"}],"version-history":[{"count":1,"href":"https:\/\/encuentroinformativo.com.mx\/index.php?rest_route=\/wp\/v2\/posts\/7757\/revisions"}],"predecessor-version":[{"id":7758,"href":"https:\/\/encuentroinformativo.com.mx\/index.php?rest_route=\/wp\/v2\/posts\/7757\/revisions\/7758"}],"wp:featuredmedia":[{"embeddable":true,"href":"https:\/\/encuentroinformativo.com.mx\/index.php?rest_route=\/wp\/v2\/media\/387"}],"wp:attachment":[{"href":"https:\/\/encuentroinformativo.com.mx\/index.php?rest_route=%2Fwp%2Fv2%2Fmedia&parent=7757"}],"wp:term":[{"taxonomy":"category","embeddable":true,"href":"https:\/\/encuentroinformativo.com.mx\/index.php?rest_route=%2Fwp%2Fv2%2Fcategories&post=7757"},{"taxonomy":"post_tag","embeddable":true,"href":"https:\/\/encuentroinformativo.com.mx\/index.php?rest_route=%2Fwp%2Fv2%2Ftags&post=7757"}],"curies":[{"name":"wp","href":"https:\/\/api.w.org\/{rel}","templated":true}]}}