{"id":776,"date":"2020-03-11T16:06:11","date_gmt":"2020-03-11T22:06:11","guid":{"rendered":"https:\/\/encuentroinformativo.com\/?p=776"},"modified":"2020-03-11T16:06:13","modified_gmt":"2020-03-11T22:06:13","slug":"movimiento-magisterial-acusa-persecucion-politica-de-la-sev","status":"publish","type":"post","link":"https:\/\/encuentroinformativo.com.mx\/?p=776","title":{"rendered":"Movimiento Magisterial acusa persecuci\u00f3n pol\u00edtica de la SEV"},"content":{"rendered":"\n<p><strong>Juan Arcos <\/strong><\/p>\n\n\n\n<p>Xalapa, Ver.- Una \u201cpersecuci\u00f3n pol\u00edtica\u201d por parte del titular de la Secretar\u00eda de Educaci\u00f3n de Veracruz (SEV), Zenyazen Escobar Garc\u00eda, denunciaron integrantes del Movimiento Magisterial Popular Veracruzano (MMPV) y de la Coordinadora Nacional de Trabajadores de la Educaci\u00f3n (CNTE).<\/p>\n\n\n\n<p>Los quejosos protestaron afuera de las oficinas centrales de la SEV, ubicadas sobre la carretera Xalapa-Veracruz.<\/p>\n\n\n\n<p>De acuerdo con el vocero del MMPV-CNTE, Daniel Hern\u00e1ndez del \u00c1ngel, ya fue presentada una queja en la Comisi\u00f3n Estatal de Derechos Humanos (CEDH) contra el Secretario de Educaci\u00f3n.<\/p>\n\n\n\n<p>El entrevistado indic\u00f3 que los docentes adheridos al MMPV y la CNTE han sido perjudicados con el descuento por presuntos pr\u00e9stamos con financieras.<\/p>\n\n\n\n<p>\u201cHemos sido objeto de se\u00f1alamientos en medios de comunicaci\u00f3n\u201d.<\/p>\n\n\n\n<p>Adem\u00e1s, detall\u00f3 que los tr\u00e1mites realizados por docentes del Movimiento Magisterial se han estancado en la dependencia estatal.\u201cVemos que es una acci\u00f3n directa en contra de nuestro movimiento y no lo vamos a permitir\u201d.<\/p>\n\n\n\n<p>Hern\u00e1ndez del \u00c1ngel a\u00f1adi\u00f3 que m\u00e1s de 500 docentes -tambi\u00e9n de otras organizaciones sindicales- est\u00e1n siendo afectados con descuentos indebidos a sus salarios.<\/p>\n\n\n\n<p>\u201cSi muchos est\u00e1n en esta problem\u00e1tica que se analice y se vea de qu\u00e9 manera pueden ayudar\u201d.<\/p>\n\n\n\n<p>Finalmente, record\u00f3 que Escobar Garc\u00eda ha se\u00f1alado en medios de comunicaci\u00f3n que el MMPV-CNTE ha cometido fraudes por cr\u00e9ditos que se han solicitado y que han sido descontados a los docentes, sin su consentimiento.<\/p>\n\n\n\n<p><\/p>\n","protected":false},"excerpt":{"rendered":"<p>Juan Arcos Xalapa, Ver.- Una \u201cpersecuci\u00f3n pol\u00edtica\u201d por parte del titular de la Secretar\u00eda de Educaci\u00f3n de Veracruz (SEV), Zenyazen Escobar Garc\u00eda, denunciaron integrantes del Movimiento Magisterial Popular Veracruzano (MMPV) y de la Coordinadora Nacional de Trabajadores de la Educaci\u00f3n (CNTE). Los quejosos protestaron afuera de las oficinas centrales de la SEV, ubicadas sobre la [&hellip;]<\/p>\n","protected":false},"author":1,"featured_media":777,"comment_status":"open","ping_status":"open","sticky":false,"template":"","format":"standard","meta":{"_jetpack_memberships_contains_paid_content":false,"footnotes":""},"categories":[2],"tags":[],"class_list":["post-776","post","type-post","status-publish","format-standard","has-post-thumbnail","hentry","category-estado"],"jetpack_featured_media_url":"https:\/\/encuentroinformativo.com.mx\/wp-content\/uploads\/2020\/03\/9BCB9048-DAC1-416A-A2EA-258CA2964626.jpeg","jetpack_sharing_enabled":true,"jetpack_likes_enabled":true,"amp_enabled":true,"_links":{"self":[{"href":"https:\/\/encuentroinformativo.com.mx\/index.php?rest_route=\/wp\/v2\/posts\/776","targetHints":{"allow":["GET"]}}],"collection":[{"href":"https:\/\/encuentroinformativo.com.mx\/index.php?rest_route=\/wp\/v2\/posts"}],"about":[{"href":"https:\/\/encuentroinformativo.com.mx\/index.php?rest_route=\/wp\/v2\/types\/post"}],"author":[{"embeddable":true,"href":"https:\/\/encuentroinformativo.com.mx\/index.php?rest_route=\/wp\/v2\/users\/1"}],"replies":[{"embeddable":true,"href":"https:\/\/encuentroinformativo.com.mx\/index.php?rest_route=%2Fwp%2Fv2%2Fcomments&post=776"}],"version-history":[{"count":1,"href":"https:\/\/encuentroinformativo.com.mx\/index.php?rest_route=\/wp\/v2\/posts\/776\/revisions"}],"predecessor-version":[{"id":778,"href":"https:\/\/encuentroinformativo.com.mx\/index.php?rest_route=\/wp\/v2\/posts\/776\/revisions\/778"}],"wp:featuredmedia":[{"embeddable":true,"href":"https:\/\/encuentroinformativo.com.mx\/index.php?rest_route=\/wp\/v2\/media\/777"}],"wp:attachment":[{"href":"https:\/\/encuentroinformativo.com.mx\/index.php?rest_route=%2Fwp%2Fv2%2Fmedia&parent=776"}],"wp:term":[{"taxonomy":"category","embeddable":true,"href":"https:\/\/encuentroinformativo.com.mx\/index.php?rest_route=%2Fwp%2Fv2%2Fcategories&post=776"},{"taxonomy":"post_tag","embeddable":true,"href":"https:\/\/encuentroinformativo.com.mx\/index.php?rest_route=%2Fwp%2Fv2%2Ftags&post=776"}],"curies":[{"name":"wp","href":"https:\/\/api.w.org\/{rel}","templated":true}]}}