{"id":7765,"date":"2020-11-06T13:07:35","date_gmt":"2020-11-06T19:07:35","guid":{"rendered":"https:\/\/encuentroinformativo.com.mx\/?p=7765"},"modified":"2020-11-06T13:07:38","modified_gmt":"2020-11-06T19:07:38","slug":"anuncian-paro-de-labores-en-limpia-publica","status":"publish","type":"post","link":"https:\/\/encuentroinformativo.com.mx\/?p=7765","title":{"rendered":"Anuncian paro de labores en limpia p\u00fablica"},"content":{"rendered":"\n<p><strong>Dar\u00edo Pale <\/strong><\/p>\n\n\n\n<p>Xalapa, Ver.- El abogado representante de varios trabajadores\u00a0de Limpia P\u00fablica en Xalapa, \u00c1lvaro Lozano dio a conocer que realizar\u00e1n\u00a0un paro de labores para el pr\u00f3ximo lunes a causa de falta de pagos debido a diversas anomal\u00edas.<\/p>\n\n\n\n<p>En conferencia de prensa realizada en conocido caf\u00e9 del centro de Xalapa se\u00f1al\u00f3 que, al haber diversas anomal\u00edas en cuanto a los pagos de los trabajadores es que tomaron la decisi\u00f3n de manifestarse marchando por las calles de Xalapa, por lo que\u00a0a partir de las 8 horas del lunes aproximadamente 200 colaboradores, no solo de limpia, sino tambi\u00e9n de Parques y Jardines, saldr\u00e1n de las instalaciones del \u00e1rea, ubicada en la avenida R\u00e9bsamen, hasta llegar al Palacio Municipal.<\/p>\n\n\n\n<p>El representante legal tambi\u00e9n dijo que son 80 casos de denuncias del \u00e1mbito laboral las que ya se presentaron ante el Tribunal de Conciliaci\u00f3n y Arbitraje Laboral del Poder Judicial, debido a que estos no reciben pagos, pero les hacen firmar n\u00f3mina.<\/p>\n\n\n\n<p>\u201cNo tiene un sueldo ni un salario, los contratan sin tener seguro social ni ninguna prestaci\u00f3n quienes se encargan de separar el cart\u00f3n los cuales reciben 70 pesos al d\u00eda recurso que no les alcanza sobre todo en este tiempo de pandemia\u201d, se\u00f1al\u00f3.<\/p>\n\n\n\n<p>Sumando a esto coment\u00f3 que uno de los trabajadores sufri\u00f3 un accidente con el triturador vol\u00e1ndose los dedos de los pies, pese a esto le pidieron que siguiera trabajando, adem\u00e1s\u00a0mencion\u00f3 que hay otros 80 trabajadores que tiene m\u00e1s de 20 a\u00f1os laborando sin que tenga una base.<\/p>\n\n\n\n<p>El abogado dio a conocer adem\u00e1s que los trabajadores de parques y jardines no les est\u00e1n dando el equipo necesario para llevar a cabo su trabajo.<\/p>\n\n\n\n<p>Finalmente se\u00f1alaron que ante las malas condiciones laborales en la dependencia municipal adelant\u00f3 que el pr\u00f3ximo lunes llevaran a cabo un paro de labores a partir de las 8 y media de la ma\u00f1ana, los cuales realizaran una marcha hasta el palacio municipal.<\/p>\n","protected":false},"excerpt":{"rendered":"<p>Dar\u00edo Pale Xalapa, Ver.- El abogado representante de varios trabajadores\u00a0de Limpia P\u00fablica en Xalapa, \u00c1lvaro Lozano dio a conocer que realizar\u00e1n\u00a0un paro de labores para el pr\u00f3ximo lunes a causa de falta de pagos debido a diversas anomal\u00edas. En conferencia de prensa realizada en conocido caf\u00e9 del centro de Xalapa se\u00f1al\u00f3 que, al haber diversas [&hellip;]<\/p>\n","protected":false},"author":1,"featured_media":7767,"comment_status":"open","ping_status":"open","sticky":false,"template":"","format":"standard","meta":{"_jetpack_memberships_contains_paid_content":false,"footnotes":""},"categories":[3],"tags":[],"class_list":["post-7765","post","type-post","status-publish","format-standard","has-post-thumbnail","hentry","category-xalapa"],"jetpack_featured_media_url":"https:\/\/encuentroinformativo.com.mx\/wp-content\/uploads\/2020\/11\/5FD333B3-C8B7-4C87-89FF-073FD7ECCB3D.jpeg","jetpack_sharing_enabled":true,"jetpack_likes_enabled":true,"amp_enabled":true,"_links":{"self":[{"href":"https:\/\/encuentroinformativo.com.mx\/index.php?rest_route=\/wp\/v2\/posts\/7765","targetHints":{"allow":["GET"]}}],"collection":[{"href":"https:\/\/encuentroinformativo.com.mx\/index.php?rest_route=\/wp\/v2\/posts"}],"about":[{"href":"https:\/\/encuentroinformativo.com.mx\/index.php?rest_route=\/wp\/v2\/types\/post"}],"author":[{"embeddable":true,"href":"https:\/\/encuentroinformativo.com.mx\/index.php?rest_route=\/wp\/v2\/users\/1"}],"replies":[{"embeddable":true,"href":"https:\/\/encuentroinformativo.com.mx\/index.php?rest_route=%2Fwp%2Fv2%2Fcomments&post=7765"}],"version-history":[{"count":1,"href":"https:\/\/encuentroinformativo.com.mx\/index.php?rest_route=\/wp\/v2\/posts\/7765\/revisions"}],"predecessor-version":[{"id":7768,"href":"https:\/\/encuentroinformativo.com.mx\/index.php?rest_route=\/wp\/v2\/posts\/7765\/revisions\/7768"}],"wp:featuredmedia":[{"embeddable":true,"href":"https:\/\/encuentroinformativo.com.mx\/index.php?rest_route=\/wp\/v2\/media\/7767"}],"wp:attachment":[{"href":"https:\/\/encuentroinformativo.com.mx\/index.php?rest_route=%2Fwp%2Fv2%2Fmedia&parent=7765"}],"wp:term":[{"taxonomy":"category","embeddable":true,"href":"https:\/\/encuentroinformativo.com.mx\/index.php?rest_route=%2Fwp%2Fv2%2Fcategories&post=7765"},{"taxonomy":"post_tag","embeddable":true,"href":"https:\/\/encuentroinformativo.com.mx\/index.php?rest_route=%2Fwp%2Fv2%2Ftags&post=7765"}],"curies":[{"name":"wp","href":"https:\/\/api.w.org\/{rel}","templated":true}]}}