{"id":7772,"date":"2020-11-06T13:31:46","date_gmt":"2020-11-06T19:31:46","guid":{"rendered":"https:\/\/encuentroinformativo.com.mx\/?p=7772"},"modified":"2020-11-06T13:31:49","modified_gmt":"2020-11-06T19:31:49","slug":"abierta-convocatoria-para-consejeros-distritales-ine","status":"publish","type":"post","link":"https:\/\/encuentroinformativo.com.mx\/?p=7772","title":{"rendered":"Abierta convocatoria para consejeros distritales: INE"},"content":{"rendered":"\n<p>Xalapa, Ver.- El\u00a0Presidente del Consejo Local\u00a0del\u00a0Instituto Nacional Electoral\u00a0(INE)\u00a0en\u00a0el Estado de\u00a0Veracruz, Josu\u00e9 Cervantes Mart\u00ednez,\u00a0inform\u00f3 que\u00a0se encuentra abierta la\u00a0Convocatoria\u00a0para que\u00a0ciudadanas y\u00a0ciudadanos interesados\u00a0puedan\u00a0participar en\u00a0el\u00a0proceso\u00a0para ocupar\u00a0una de las\u00a036\u00a0vacantes\u00a0de Consejeras y Consejeros Electorales de los Consejos Distritales\u00a0en la entidad, quienes\u00a0tendr\u00e1n como funciones sustantivas:\u00a0coadyuvar\u00a0en\u00a0el\u00a0registro de\u00a0las f\u00f3rmulas de candidaturas\u00a0a una diputaci\u00f3n\u00a0federal\u00a0por el principio de mayor\u00eda relativa,\u00a0en\u00a0los c\u00f3mputos distritales y\u00a0en\u00a0la declaraci\u00f3n de validez de las elecciones de\u00a0diputaciones federales\u00a0por el principio de mayor\u00eda relativa,\u00a0entre otras.<\/p>\n\n\n\n<p>\u201cEl pasado\u00a028\u00a0de\u00a0octubre,\u00a0en sesi\u00f3n extraordinaria, el Consejo General del INE\u00a0aprob\u00f3\u00a0el\u00a0Acuerdo\u00a0por el que se estableci\u00f3\u00a0el procedimiento para integrar las propuestas de aspirantes para ocupar las vacantes de los cargos de consejeras y consejeros\u00a0en\u00a0los\u00a0\u00f3rganos subdelegacionales,\u00a0que incluye\u00a0los procesos electorales federales 2020-2021 y 2023-2024\u201d.\u00a0Para\u00a0su\u00a0debida integraci\u00f3n,\u00a0se\u00f1al\u00f3\u00a0que\u00a0el\u00a0m\u00e1ximo\u00a0\u00f3rgano de direcci\u00f3n\u00a0del INE\u00a0determin\u00f3\u00a0un\u00a0modelo de\u00a0Convocatoria,\u00a0as\u00ed como los\u00a0requisitos, la solicitud de inscripci\u00f3n correspondiente, los formatos anexos y el cronograma de las actividades para cubrir las vacantes.<\/p>\n\n\n\n<p>Para&nbsp;el Estado&nbsp;Veracruz, detall\u00f3 Cervantes Mart\u00ednez,&nbsp;el&nbsp;registro de&nbsp;aspirantes&nbsp;podr\u00e1 realizarse&nbsp;a trav\u00e9s de dos&nbsp;modalidades: virtual o presencial.&nbsp;\u201cLa&nbsp;modalidad&nbsp;virtual es&nbsp;mediante el env\u00edo de la documentaci\u00f3n requerida a&nbsp;la cuenta&nbsp;de&nbsp;correo&nbsp;electr\u00f3nico<a href=\"mailto:consejo.jlver@ine.mx\">consejo.jlver@ine.mx<\/a>;&nbsp;y,&nbsp;la&nbsp;presencial,&nbsp;acudiendo&nbsp;directamente&nbsp;a alguna&nbsp;de las&nbsp;Juntas&nbsp;Distritales&nbsp;Ejecutivas&nbsp;de la entidad&nbsp;o,&nbsp;en su caso,&nbsp;a la&nbsp;Junta&nbsp;Local&nbsp;Ejecutiva,&nbsp;siempre&nbsp;respetando&nbsp;los&nbsp;protocolos&nbsp;de prevenci\u00f3n ante la emergencia sanitaria\u201d.<\/p>\n\n\n\n<p>El Delegado de INE&nbsp;puntualiz\u00f3&nbsp;que el&nbsp;periodo&nbsp;de registro&nbsp;concluir\u00e1el&nbsp;pr\u00f3ximo&nbsp;12 de noviembre.&nbsp;Las&nbsp;personas&nbsp;interesadas puedenllamar al&nbsp;n\u00famero&nbsp;(228)&nbsp;307&nbsp;5800&nbsp;para solicitar&nbsp;orientaci\u00f3n.&nbsp;La inscripci\u00f3n&nbsp;podr\u00e1 hacerse&nbsp;a t\u00edtulo personal o por medio de organizaciones civiles, no gubernamentales, acad\u00e9micas, sociales, empresariales, de profesionistas&nbsp;o&nbsp;de apoyo a la comunidad, entre otras.<\/p>\n\n\n\n<p>\u201cLos formatos de solicitud, curr\u00edculum y declaraciones,&nbsp;que sonrequisitos establecidos en la Convocatoria, pueden ser descargados&nbsp;directamente&nbsp;de la p\u00e1gina&nbsp;<a href=\"http:\/\/www.ine.mx\/\">www.ine.mx<\/a>\u201d, finaliz\u00f3.<\/p>\n","protected":false},"excerpt":{"rendered":"<p>Xalapa, Ver.- El\u00a0Presidente del Consejo Local\u00a0del\u00a0Instituto Nacional Electoral\u00a0(INE)\u00a0en\u00a0el Estado de\u00a0Veracruz, Josu\u00e9 Cervantes Mart\u00ednez,\u00a0inform\u00f3 que\u00a0se encuentra abierta la\u00a0Convocatoria\u00a0para que\u00a0ciudadanas y\u00a0ciudadanos interesados\u00a0puedan\u00a0participar en\u00a0el\u00a0proceso\u00a0para ocupar\u00a0una de las\u00a036\u00a0vacantes\u00a0de Consejeras y Consejeros Electorales de los Consejos Distritales\u00a0en la entidad, quienes\u00a0tendr\u00e1n como funciones sustantivas:\u00a0coadyuvar\u00a0en\u00a0el\u00a0registro de\u00a0las f\u00f3rmulas de candidaturas\u00a0a una diputaci\u00f3n\u00a0federal\u00a0por el principio de mayor\u00eda relativa,\u00a0en\u00a0los c\u00f3mputos distritales y\u00a0en\u00a0la declaraci\u00f3n de validez [&hellip;]<\/p>\n","protected":false},"author":1,"featured_media":7773,"comment_status":"open","ping_status":"open","sticky":false,"template":"","format":"standard","meta":{"_jetpack_memberships_contains_paid_content":false,"footnotes":""},"categories":[2],"tags":[],"class_list":["post-7772","post","type-post","status-publish","format-standard","has-post-thumbnail","hentry","category-estado"],"jetpack_featured_media_url":"https:\/\/encuentroinformativo.com.mx\/wp-content\/uploads\/2020\/11\/3FFFB99B-51B8-4A3E-867F-7B868B12F087.jpeg","jetpack_sharing_enabled":true,"jetpack_likes_enabled":true,"amp_enabled":true,"_links":{"self":[{"href":"https:\/\/encuentroinformativo.com.mx\/index.php?rest_route=\/wp\/v2\/posts\/7772","targetHints":{"allow":["GET"]}}],"collection":[{"href":"https:\/\/encuentroinformativo.com.mx\/index.php?rest_route=\/wp\/v2\/posts"}],"about":[{"href":"https:\/\/encuentroinformativo.com.mx\/index.php?rest_route=\/wp\/v2\/types\/post"}],"author":[{"embeddable":true,"href":"https:\/\/encuentroinformativo.com.mx\/index.php?rest_route=\/wp\/v2\/users\/1"}],"replies":[{"embeddable":true,"href":"https:\/\/encuentroinformativo.com.mx\/index.php?rest_route=%2Fwp%2Fv2%2Fcomments&post=7772"}],"version-history":[{"count":1,"href":"https:\/\/encuentroinformativo.com.mx\/index.php?rest_route=\/wp\/v2\/posts\/7772\/revisions"}],"predecessor-version":[{"id":7774,"href":"https:\/\/encuentroinformativo.com.mx\/index.php?rest_route=\/wp\/v2\/posts\/7772\/revisions\/7774"}],"wp:featuredmedia":[{"embeddable":true,"href":"https:\/\/encuentroinformativo.com.mx\/index.php?rest_route=\/wp\/v2\/media\/7773"}],"wp:attachment":[{"href":"https:\/\/encuentroinformativo.com.mx\/index.php?rest_route=%2Fwp%2Fv2%2Fmedia&parent=7772"}],"wp:term":[{"taxonomy":"category","embeddable":true,"href":"https:\/\/encuentroinformativo.com.mx\/index.php?rest_route=%2Fwp%2Fv2%2Fcategories&post=7772"},{"taxonomy":"post_tag","embeddable":true,"href":"https:\/\/encuentroinformativo.com.mx\/index.php?rest_route=%2Fwp%2Fv2%2Ftags&post=7772"}],"curies":[{"name":"wp","href":"https:\/\/api.w.org\/{rel}","templated":true}]}}