{"id":7785,"date":"2020-11-06T15:07:36","date_gmt":"2020-11-06T21:07:36","guid":{"rendered":"https:\/\/encuentroinformativo.com.mx\/?p=7785"},"modified":"2020-11-06T15:07:39","modified_gmt":"2020-11-06T21:07:39","slug":"prevalecio-division-en-camaras-empresariales-urreta-ortega","status":"publish","type":"post","link":"https:\/\/encuentroinformativo.com.mx\/?p=7785","title":{"rendered":"Prevaleci\u00f3 divisi\u00f3n en c\u00e1maras empresariales: Urreta Ortega"},"content":{"rendered":"\n<p><strong>Alejandro \u00c1vila<\/strong><\/p>\n\n\n\n<p>Boca del R\u00edo, Ver.- El ex presidente del Consejo Coordinador Empresarial (CCE) en Veracruz \u2013 Boca del R\u00edo, Jos\u00e9 Manuel Urreta Ortega, acus\u00f3 a los c\u00e1maras empresariales de que decidieron apartarse del CCE, de descalificar a los grupos que hoy integran el grupo empresarial.<\/p>\n\n\n\n<p>Urreta Ortega, dijo que las c\u00e1maras empresariales como CANACO salieron del Consejo Coordinador Empresarial desde hace tiempo, debido a que ellos tienen una l\u00ednea pol\u00edtica que no era acorde a la del CCE.<\/p>\n\n\n\n<p>En ese sentido, apunt\u00f3 que la l\u00ednea de trabajo a su llegada era \u201cdespintar\u201d al CCE de cualquier presunta afiliaci\u00f3n partidista, \u201ces un organismo que aglutina empresarios y organismos empresariales y no podemos estar casados con nadie, porque nuestro trabajo es otro, si tienen una l\u00ednea pol\u00edtica o no es un tema de ellos, nosotros siempre nos manejamos con toda pulcritud\u201d, subray\u00f3.<\/p>\n\n\n\n<p>\u201cEsos organismos en su momento descalificaron a Colegios y Asociaciones, diciendo que no val\u00edan nada, inclusive hay grabaciones de eso, y coincido con el nuevo presidente, de que todos, absolutamente todos formamos parte de la vida econ\u00f3mica de Veracruz \u2013Boca del R\u00edo y todos aportamos para la vida econ\u00f3mica\u201d, remat\u00f3.<\/p>\n\n\n\n<p>En cuanto a las finanzas que deja en el CCE, manifest\u00f3 que a la hora de su salida, present\u00f3 las cartas de cumplimiento ante el SAT, el Instituto Mexicano del Seguro Social y el INFONAVIT; por lo que dej\u00f3 todo el tema econ\u00f3mico en claridad.<\/p>\n","protected":false},"excerpt":{"rendered":"<p>Alejandro \u00c1vila Boca del R\u00edo, Ver.- El ex presidente del Consejo Coordinador Empresarial (CCE) en Veracruz \u2013 Boca del R\u00edo, Jos\u00e9 Manuel Urreta Ortega, acus\u00f3 a los c\u00e1maras empresariales de que decidieron apartarse del CCE, de descalificar a los grupos que hoy integran el grupo empresarial. Urreta Ortega, dijo que las c\u00e1maras empresariales como CANACO [&hellip;]<\/p>\n","protected":false},"author":1,"featured_media":7786,"comment_status":"open","ping_status":"open","sticky":false,"template":"","format":"standard","meta":{"_jetpack_memberships_contains_paid_content":false,"footnotes":""},"categories":[2],"tags":[],"class_list":["post-7785","post","type-post","status-publish","format-standard","has-post-thumbnail","hentry","category-estado"],"jetpack_featured_media_url":"https:\/\/encuentroinformativo.com.mx\/wp-content\/uploads\/2020\/11\/29E367B0-86AC-4440-9645-3AF722119282.jpeg","jetpack_sharing_enabled":true,"jetpack_likes_enabled":true,"amp_enabled":true,"_links":{"self":[{"href":"https:\/\/encuentroinformativo.com.mx\/index.php?rest_route=\/wp\/v2\/posts\/7785","targetHints":{"allow":["GET"]}}],"collection":[{"href":"https:\/\/encuentroinformativo.com.mx\/index.php?rest_route=\/wp\/v2\/posts"}],"about":[{"href":"https:\/\/encuentroinformativo.com.mx\/index.php?rest_route=\/wp\/v2\/types\/post"}],"author":[{"embeddable":true,"href":"https:\/\/encuentroinformativo.com.mx\/index.php?rest_route=\/wp\/v2\/users\/1"}],"replies":[{"embeddable":true,"href":"https:\/\/encuentroinformativo.com.mx\/index.php?rest_route=%2Fwp%2Fv2%2Fcomments&post=7785"}],"version-history":[{"count":1,"href":"https:\/\/encuentroinformativo.com.mx\/index.php?rest_route=\/wp\/v2\/posts\/7785\/revisions"}],"predecessor-version":[{"id":7787,"href":"https:\/\/encuentroinformativo.com.mx\/index.php?rest_route=\/wp\/v2\/posts\/7785\/revisions\/7787"}],"wp:featuredmedia":[{"embeddable":true,"href":"https:\/\/encuentroinformativo.com.mx\/index.php?rest_route=\/wp\/v2\/media\/7786"}],"wp:attachment":[{"href":"https:\/\/encuentroinformativo.com.mx\/index.php?rest_route=%2Fwp%2Fv2%2Fmedia&parent=7785"}],"wp:term":[{"taxonomy":"category","embeddable":true,"href":"https:\/\/encuentroinformativo.com.mx\/index.php?rest_route=%2Fwp%2Fv2%2Fcategories&post=7785"},{"taxonomy":"post_tag","embeddable":true,"href":"https:\/\/encuentroinformativo.com.mx\/index.php?rest_route=%2Fwp%2Fv2%2Ftags&post=7785"}],"curies":[{"name":"wp","href":"https:\/\/api.w.org\/{rel}","templated":true}]}}