{"id":7791,"date":"2020-11-06T16:54:10","date_gmt":"2020-11-06T22:54:10","guid":{"rendered":"https:\/\/encuentroinformativo.com.mx\/?p=7791"},"modified":"2020-11-06T16:54:13","modified_gmt":"2020-11-06T22:54:13","slug":"vecinos-temen-afectacion-en-sus-viviendas-por-incendios-en-pastizales","status":"publish","type":"post","link":"https:\/\/encuentroinformativo.com.mx\/?p=7791","title":{"rendered":"Vecinos temen afectaci\u00f3n en sus viviendas por incendios en pastizales"},"content":{"rendered":"\n<p><strong>Juan Arcos <\/strong><\/p>\n\n\n\n<p>Xalapa, Ver.- Vecinos de la colonia El Olmo temen que los incendios en pastizales, como el registrado el pasado lunes, ocasionen da\u00f1os a sus viviendas.<\/p>\n\n\n\n<p>De acuerdo con Jos\u00e9 El\u00edas Reyes Garc\u00eda, exagente municipal de la congregaci\u00f3n Julio Castro Las Trancas, donde se encuentra dicha colonia, podr\u00edan registrarse m\u00e1s incendios durante los meses de diciembre y enero por la sequ\u00eda.<\/p>\n\n\n\n<p>\u201cLa comunidad est\u00e1 alerta de esta situaci\u00f3n porque el pasto seco es muy traicionero. Ahorita la hierba est\u00e1 un poquito verde, pero en meses de sequ\u00eda, podr\u00eda ser peor (en caso de un incendio)\u201d.<\/p>\n\n\n\n<p>El se\u00f1or habita en la zona desde hace 47 a\u00f1os, donde, el pasado lunes 2 de noviembre, el fuego consumi\u00f3 la mitad de un terreno con 200 lotes, el cual estuvo cerca de alcanzar la parte trasera de algunas casas de la avenida El Olmo, as\u00ed como tambi\u00e9n, la fachada de las que se encuentran sobre la calle El Huaje.<\/p>\n\n\n\n<p>\u201cAfortunadamente por la buena intervenci\u00f3n de Protecci\u00f3n Civil, Bomberos, el apoyo que se recibi\u00f3 de las pipas de CMAS, pudieron apagar el fuego, lo que no nos ayudaba era el norte, estaba muy fuerte y las llamas avanzaban muy r\u00e1pido hacia las casas. Los vecinos se alertaron, muchos se alistaron con cubetas con agua\u201d.<\/p>\n\n\n\n<p>Hace seis a\u00f1os, otro incendio consumi\u00f3 la totalidad del predio, una propiedad privada, que pareciera olvidada por la mayor\u00eda de los due\u00f1os.<\/p>\n\n\n\n<p>El lugar se encuentra entre las calles El Bosque y Encino, donde Reyes Garc\u00eda arroja escombro con frecuencia sobre los peque\u00f1os caminos de terracer\u00eda, una ruta utilizada con frecuencia por parte de los colonos.<\/p>\n\n\n\n<p>\u201cLos propietarios han confiado en su servidor para vigilar el terreno. Los caminos de terracer\u00eda los vamos acondicionando, eso sirvi\u00f3 tambi\u00e9n funcionara como guardarraya, que facilit\u00f3 el trabajo a los bomberos, para poder entrar con sus carros\u201d, remata.<\/p>\n","protected":false},"excerpt":{"rendered":"<p>Juan Arcos Xalapa, Ver.- Vecinos de la colonia El Olmo temen que los incendios en pastizales, como el registrado el pasado lunes, ocasionen da\u00f1os a sus viviendas. De acuerdo con Jos\u00e9 El\u00edas Reyes Garc\u00eda, exagente municipal de la congregaci\u00f3n Julio Castro Las Trancas, donde se encuentra dicha colonia, podr\u00edan registrarse m\u00e1s incendios durante los meses [&hellip;]<\/p>\n","protected":false},"author":1,"featured_media":7792,"comment_status":"open","ping_status":"open","sticky":false,"template":"","format":"standard","meta":{"_jetpack_memberships_contains_paid_content":false,"footnotes":""},"categories":[3],"tags":[],"class_list":["post-7791","post","type-post","status-publish","format-standard","has-post-thumbnail","hentry","category-xalapa"],"jetpack_featured_media_url":"https:\/\/encuentroinformativo.com.mx\/wp-content\/uploads\/2020\/11\/7233E247-2B70-47C4-9348-060D5C395EDB.jpeg","jetpack_sharing_enabled":true,"jetpack_likes_enabled":true,"amp_enabled":true,"_links":{"self":[{"href":"https:\/\/encuentroinformativo.com.mx\/index.php?rest_route=\/wp\/v2\/posts\/7791","targetHints":{"allow":["GET"]}}],"collection":[{"href":"https:\/\/encuentroinformativo.com.mx\/index.php?rest_route=\/wp\/v2\/posts"}],"about":[{"href":"https:\/\/encuentroinformativo.com.mx\/index.php?rest_route=\/wp\/v2\/types\/post"}],"author":[{"embeddable":true,"href":"https:\/\/encuentroinformativo.com.mx\/index.php?rest_route=\/wp\/v2\/users\/1"}],"replies":[{"embeddable":true,"href":"https:\/\/encuentroinformativo.com.mx\/index.php?rest_route=%2Fwp%2Fv2%2Fcomments&post=7791"}],"version-history":[{"count":1,"href":"https:\/\/encuentroinformativo.com.mx\/index.php?rest_route=\/wp\/v2\/posts\/7791\/revisions"}],"predecessor-version":[{"id":7793,"href":"https:\/\/encuentroinformativo.com.mx\/index.php?rest_route=\/wp\/v2\/posts\/7791\/revisions\/7793"}],"wp:featuredmedia":[{"embeddable":true,"href":"https:\/\/encuentroinformativo.com.mx\/index.php?rest_route=\/wp\/v2\/media\/7792"}],"wp:attachment":[{"href":"https:\/\/encuentroinformativo.com.mx\/index.php?rest_route=%2Fwp%2Fv2%2Fmedia&parent=7791"}],"wp:term":[{"taxonomy":"category","embeddable":true,"href":"https:\/\/encuentroinformativo.com.mx\/index.php?rest_route=%2Fwp%2Fv2%2Fcategories&post=7791"},{"taxonomy":"post_tag","embeddable":true,"href":"https:\/\/encuentroinformativo.com.mx\/index.php?rest_route=%2Fwp%2Fv2%2Ftags&post=7791"}],"curies":[{"name":"wp","href":"https:\/\/api.w.org\/{rel}","templated":true}]}}