{"id":7795,"date":"2020-11-06T23:01:33","date_gmt":"2020-11-07T05:01:33","guid":{"rendered":"https:\/\/encuentroinformativo.com.mx\/?p=7795"},"modified":"2020-11-06T23:01:36","modified_gmt":"2020-11-07T05:01:36","slug":"detienen-a-presuntos-homicidas-de-rectora-de-universidad-privada","status":"publish","type":"post","link":"https:\/\/encuentroinformativo.com.mx\/?p=7795","title":{"rendered":"Detienen a presuntos homicidas de rectora de universidad privada"},"content":{"rendered":"\n<p>Xalapa, Ver.- Procede Fiscal\u00eda General del Estado de Veracruz, dirigida por la Fiscal General, Ver\u00f3nica Hern\u00e1ndez Giad\u00e1ns, a trav\u00e9s de la Fiscal\u00eda Coordinadora Especializada en la Investigaci\u00f3n de delitos de Violencia contra la Familia, Mujeres, Ni\u00f1as, Ni\u00f1os y de Trata de Personas, por el delito de homicidio doloso calificado cometido en agravio de la Mar\u00eda Guadalupe Mart\u00ednez Aguilar.<\/p>\n\n\n\n<p>Derivado de los actos de investigaci\u00f3n llevados a cabo de manera conjunta&nbsp;&nbsp;por la trilog\u00eda investigadora: Fiscal\u00eda&nbsp;&nbsp;Especializada en la Investigaci\u00f3n de Delitos de Violencia Contra La Familia Mujeres Ni\u00f1as y Ni\u00f1os y Trata de Personas,&nbsp;&nbsp;Polic\u00eda Ministerial, Servicios Periciales, as\u00ed como la Unidad de An\u00e1lisis de la Informaci\u00f3n de la Fiscal\u00eda del Estado de Veracruz y tras obtener datos de prueba contundentes para establecer la presunta responsabilidad de dos de los participantes en la comisi\u00f3n del reprobable acto cometido en agravio de la Rectora&nbsp;&nbsp;de la Escuela &#8220;Valladolid&#8221; el pasado 29 de junio de 2020.<\/p>\n\n\n\n<p>El d\u00eda de hoy elementos de la Polic\u00eda Ministerial del estado de Veracruz, con el apoyo y coordinaci\u00f3n de las autoridades de la Ciudad de M\u00e9xico, dieron cumplimiento a la orden de aprehensi\u00f3n emitida por el Juez&nbsp;&nbsp;del Juzgado de Proceso y Procedimiento Penal Oral,&nbsp;&nbsp;con sede en Pacho Viejo, en contra de los Jully Raquel &#8220;N&#8221; y Fernando Enrique &#8220;N&#8221; por el delito de homicidio doloso calificado cometido en agravio de qui\u00e9n en vida llevara el nombre de Mar\u00eda Guadalupe Mart\u00ednez Aguilar.&nbsp;<\/p>\n\n\n\n<p>Con esta detenci\u00f3n, la Fiscal General, Ver\u00f3nica Hern\u00e1ndez Giad\u00e1ns, dej\u00f3 en claro que no habr\u00e1 impunidad en este y en ning\u00fan otro delito que lastime a la sociedad veracruzana.<\/p>\n","protected":false},"excerpt":{"rendered":"<p>Xalapa, Ver.- Procede Fiscal\u00eda General del Estado de Veracruz, dirigida por la Fiscal General, Ver\u00f3nica Hern\u00e1ndez Giad\u00e1ns, a trav\u00e9s de la Fiscal\u00eda Coordinadora Especializada en la Investigaci\u00f3n de delitos de Violencia contra la Familia, Mujeres, Ni\u00f1as, Ni\u00f1os y de Trata de Personas, por el delito de homicidio doloso calificado cometido en agravio de la Mar\u00eda [&hellip;]<\/p>\n","protected":false},"author":1,"featured_media":4933,"comment_status":"open","ping_status":"open","sticky":false,"template":"","format":"standard","meta":{"_jetpack_memberships_contains_paid_content":false,"footnotes":""},"categories":[14],"tags":[],"class_list":["post-7795","post","type-post","status-publish","format-standard","has-post-thumbnail","hentry","category-policiaca"],"jetpack_featured_media_url":"https:\/\/encuentroinformativo.com.mx\/wp-content\/uploads\/2020\/08\/7D8E0B94-77D8-4AED-BB9C-6F9F368D8883.jpeg","jetpack_sharing_enabled":true,"jetpack_likes_enabled":true,"amp_enabled":true,"_links":{"self":[{"href":"https:\/\/encuentroinformativo.com.mx\/index.php?rest_route=\/wp\/v2\/posts\/7795","targetHints":{"allow":["GET"]}}],"collection":[{"href":"https:\/\/encuentroinformativo.com.mx\/index.php?rest_route=\/wp\/v2\/posts"}],"about":[{"href":"https:\/\/encuentroinformativo.com.mx\/index.php?rest_route=\/wp\/v2\/types\/post"}],"author":[{"embeddable":true,"href":"https:\/\/encuentroinformativo.com.mx\/index.php?rest_route=\/wp\/v2\/users\/1"}],"replies":[{"embeddable":true,"href":"https:\/\/encuentroinformativo.com.mx\/index.php?rest_route=%2Fwp%2Fv2%2Fcomments&post=7795"}],"version-history":[{"count":1,"href":"https:\/\/encuentroinformativo.com.mx\/index.php?rest_route=\/wp\/v2\/posts\/7795\/revisions"}],"predecessor-version":[{"id":7796,"href":"https:\/\/encuentroinformativo.com.mx\/index.php?rest_route=\/wp\/v2\/posts\/7795\/revisions\/7796"}],"wp:featuredmedia":[{"embeddable":true,"href":"https:\/\/encuentroinformativo.com.mx\/index.php?rest_route=\/wp\/v2\/media\/4933"}],"wp:attachment":[{"href":"https:\/\/encuentroinformativo.com.mx\/index.php?rest_route=%2Fwp%2Fv2%2Fmedia&parent=7795"}],"wp:term":[{"taxonomy":"category","embeddable":true,"href":"https:\/\/encuentroinformativo.com.mx\/index.php?rest_route=%2Fwp%2Fv2%2Fcategories&post=7795"},{"taxonomy":"post_tag","embeddable":true,"href":"https:\/\/encuentroinformativo.com.mx\/index.php?rest_route=%2Fwp%2Fv2%2Ftags&post=7795"}],"curies":[{"name":"wp","href":"https:\/\/api.w.org\/{rel}","templated":true}]}}