{"id":780,"date":"2020-03-11T16:19:43","date_gmt":"2020-03-11T22:19:43","guid":{"rendered":"https:\/\/encuentroinformativo.com\/?p=780"},"modified":"2020-03-11T16:19:45","modified_gmt":"2020-03-11T22:19:45","slug":"sancionara-ayuntamiento-a-comerciantes-que-reincidan-tras-plan-de-movilidad","status":"publish","type":"post","link":"https:\/\/encuentroinformativo.com.mx\/?p=780","title":{"rendered":"Sancionar\u00e1 Ayuntamiento a comerciantes que reincidan tras Plan de Movilidad"},"content":{"rendered":"\n<p><strong>Dar\u00edo Pale <\/strong><\/p>\n\n\n\n<p>Xalapa, Ver.- El Director de Desarrollo Econ\u00f3mico Gerardo Mart\u00ednez R\u00edos dio a conocer que el ayuntamiento de Xalapa sancionar\u00e1 a comerciantes que vuelvan a colocarse en las calles tras ser removidos durante operativo de Movilidad.<\/p>\n\n\n\n<p>Entrevistado en palacio municipal dio a conocer que el ayuntamiento de Xalapa podr\u00eda sancionar con multas o clausuras a los vendedores que luego de ser retirados durante el Plan de Movilidad vuelvan a vender productos en las banquetas o calles.<\/p>\n\n\n\n<p>\u201cPuede haber sanciones, una clausura o una multa para que se para que se puedan ordenar&#8221;, advirti\u00f3.<\/p>\n\n\n\n<p>El retiro de estructuras y de vendedores de la v\u00eda p\u00fablica que en algunos casos ha hecho el ayuntamiento ha provocado molestia de diferentes grupos.<\/p>\n\n\n\n<p>&#8220;Ahorita estamos repitiendo el programa de vialidad que coordina la Direcci\u00f3n de Gobernaci\u00f3n, se est\u00e1n viviendo a repetir los puntos a los que ya entraron para estar pendientes y dar seguimiento el programa y no nada m\u00e1s sea llamarada de petate&#8221;, se\u00f1al\u00f3.<\/p>\n\n\n\n<p>El funcionario explic\u00f3 que una alternativa que han buscado al liberar banquetas y entradas a escuelas y hospitales es que los comerciantes tengan puestos de &#8220;quitar y poner&#8221;.<\/p>\n\n\n\n<p>Finalmente se\u00f1al\u00f3 que no est\u00e1n en contra de que trabajen de dicha forma, pero sin afectar el paso de peatones.<\/p>\n\n\n\n<p><\/p>\n","protected":false},"excerpt":{"rendered":"<p>Dar\u00edo Pale Xalapa, Ver.- El Director de Desarrollo Econ\u00f3mico Gerardo Mart\u00ednez R\u00edos dio a conocer que el ayuntamiento de Xalapa sancionar\u00e1 a comerciantes que vuelvan a colocarse en las calles tras ser removidos durante operativo de Movilidad. Entrevistado en palacio municipal dio a conocer que el ayuntamiento de Xalapa podr\u00eda sancionar con multas o clausuras [&hellip;]<\/p>\n","protected":false},"author":1,"featured_media":781,"comment_status":"open","ping_status":"open","sticky":false,"template":"","format":"standard","meta":{"_jetpack_memberships_contains_paid_content":false,"footnotes":""},"categories":[3],"tags":[],"class_list":["post-780","post","type-post","status-publish","format-standard","has-post-thumbnail","hentry","category-xalapa"],"jetpack_featured_media_url":"https:\/\/encuentroinformativo.com.mx\/wp-content\/uploads\/2020\/03\/8855D283-C63E-494C-BE57-0C102CB2E5AC.jpeg","jetpack_sharing_enabled":true,"jetpack_likes_enabled":true,"amp_enabled":true,"_links":{"self":[{"href":"https:\/\/encuentroinformativo.com.mx\/index.php?rest_route=\/wp\/v2\/posts\/780","targetHints":{"allow":["GET"]}}],"collection":[{"href":"https:\/\/encuentroinformativo.com.mx\/index.php?rest_route=\/wp\/v2\/posts"}],"about":[{"href":"https:\/\/encuentroinformativo.com.mx\/index.php?rest_route=\/wp\/v2\/types\/post"}],"author":[{"embeddable":true,"href":"https:\/\/encuentroinformativo.com.mx\/index.php?rest_route=\/wp\/v2\/users\/1"}],"replies":[{"embeddable":true,"href":"https:\/\/encuentroinformativo.com.mx\/index.php?rest_route=%2Fwp%2Fv2%2Fcomments&post=780"}],"version-history":[{"count":1,"href":"https:\/\/encuentroinformativo.com.mx\/index.php?rest_route=\/wp\/v2\/posts\/780\/revisions"}],"predecessor-version":[{"id":782,"href":"https:\/\/encuentroinformativo.com.mx\/index.php?rest_route=\/wp\/v2\/posts\/780\/revisions\/782"}],"wp:featuredmedia":[{"embeddable":true,"href":"https:\/\/encuentroinformativo.com.mx\/index.php?rest_route=\/wp\/v2\/media\/781"}],"wp:attachment":[{"href":"https:\/\/encuentroinformativo.com.mx\/index.php?rest_route=%2Fwp%2Fv2%2Fmedia&parent=780"}],"wp:term":[{"taxonomy":"category","embeddable":true,"href":"https:\/\/encuentroinformativo.com.mx\/index.php?rest_route=%2Fwp%2Fv2%2Fcategories&post=780"},{"taxonomy":"post_tag","embeddable":true,"href":"https:\/\/encuentroinformativo.com.mx\/index.php?rest_route=%2Fwp%2Fv2%2Ftags&post=780"}],"curies":[{"name":"wp","href":"https:\/\/api.w.org\/{rel}","templated":true}]}}