{"id":7800,"date":"2020-11-07T12:17:58","date_gmt":"2020-11-07T18:17:58","guid":{"rendered":"https:\/\/encuentroinformativo.com.mx\/?p=7800"},"modified":"2020-11-07T12:18:01","modified_gmt":"2020-11-07T18:18:01","slug":"encabezaran-jovenes-comites-municipales-del-prd-dirigencia","status":"publish","type":"post","link":"https:\/\/encuentroinformativo.com.mx\/?p=7800","title":{"rendered":"Encabezar\u00e1n j\u00f3venes comit\u00e9s municipales del PRD: Dirigencia"},"content":{"rendered":"\n<p><strong>Alejandro \u00c1vila<\/strong><\/p>\n\n\n\n<p>Veracruz, Ver.- A la fecha, el Partido de la Revoluci\u00f3n Democr\u00e1tica en Veracruz ya cuenta con nuevos dirigentes en 115 Comit\u00e9s Municipales, confirm\u00f3 su presidente estatal, Sergio Cadena Mart\u00ednez.<\/p>\n\n\n\n<p>Quien obtuviera el liderazgo del &#8220;Sol Azteca&#8221; el pasado 8 de agosto del 2020, asegur\u00f3 que los m\u00e1s importante ha sido la sangre nueva que se ha acercado al PRD.<\/p>\n\n\n\n<p>&#8220;Esta llegada de jovenes no tan solo es en Xalapa ni en la zona conurbada (Veracruz &#8211; Boca del R\u00edo), es en todo el Estado, el PRD se est\u00e1 renovando, tiene nuevos brios y vamos a ser una fuerza muy importante en el pr\u00f3ximo proceso electoral&#8221;, subray\u00f3.<\/p>\n\n\n\n<p>Cadena Mart\u00ednez, dijo que el cambio generacional se debe a que con los jovenes hay fuerza, ideas frescas y renovaci\u00f3n.<\/p>\n\n\n\n<p>&#8220;Ellos se han acercado al partido porque ven un partido vivo, que tiene idea, que tiene rumbo y hemos recurrido a nuestros ideales, el partido se forma de la lucha social de obreros, campesinos, indigenas, intelectuales, de universitarios, y es lo que estamos haciendo, volver a nuestro origen, y hemos encontrado una gran respuesta en la sociedad y su conjunto&#8221;, apunt\u00f3.<\/p>\n\n\n\n<p>Finalmente, el presidente estatal del PRD, dijo que para diciembre de este a\u00f1o deben completar los cambios en los 212 Comit\u00e9s Municipales, para posteriormente analizae en que puntos de la entidad van en alianza con otros partidos, donde aclar\u00f3 no ser\u00e1 en todos los municipios y, aunque hay posibilidades de unirse al PAN nuevamente, y al PRI por primera vez, descart\u00f3 una futura alianza con MORENA.<\/p>\n","protected":false},"excerpt":{"rendered":"<p>Alejandro \u00c1vila Veracruz, Ver.- A la fecha, el Partido de la Revoluci\u00f3n Democr\u00e1tica en Veracruz ya cuenta con nuevos dirigentes en 115 Comit\u00e9s Municipales, confirm\u00f3 su presidente estatal, Sergio Cadena Mart\u00ednez. Quien obtuviera el liderazgo del &#8220;Sol Azteca&#8221; el pasado 8 de agosto del 2020, asegur\u00f3 que los m\u00e1s importante ha sido la sangre nueva [&hellip;]<\/p>\n","protected":false},"author":1,"featured_media":7801,"comment_status":"open","ping_status":"open","sticky":false,"template":"","format":"standard","meta":{"_jetpack_memberships_contains_paid_content":false,"footnotes":""},"categories":[2],"tags":[],"class_list":["post-7800","post","type-post","status-publish","format-standard","has-post-thumbnail","hentry","category-estado"],"jetpack_featured_media_url":"https:\/\/encuentroinformativo.com.mx\/wp-content\/uploads\/2020\/11\/F16A673F-C625-41C1-8E9D-834EB14348B2.jpeg","jetpack_sharing_enabled":true,"jetpack_likes_enabled":true,"amp_enabled":true,"_links":{"self":[{"href":"https:\/\/encuentroinformativo.com.mx\/index.php?rest_route=\/wp\/v2\/posts\/7800","targetHints":{"allow":["GET"]}}],"collection":[{"href":"https:\/\/encuentroinformativo.com.mx\/index.php?rest_route=\/wp\/v2\/posts"}],"about":[{"href":"https:\/\/encuentroinformativo.com.mx\/index.php?rest_route=\/wp\/v2\/types\/post"}],"author":[{"embeddable":true,"href":"https:\/\/encuentroinformativo.com.mx\/index.php?rest_route=\/wp\/v2\/users\/1"}],"replies":[{"embeddable":true,"href":"https:\/\/encuentroinformativo.com.mx\/index.php?rest_route=%2Fwp%2Fv2%2Fcomments&post=7800"}],"version-history":[{"count":1,"href":"https:\/\/encuentroinformativo.com.mx\/index.php?rest_route=\/wp\/v2\/posts\/7800\/revisions"}],"predecessor-version":[{"id":7802,"href":"https:\/\/encuentroinformativo.com.mx\/index.php?rest_route=\/wp\/v2\/posts\/7800\/revisions\/7802"}],"wp:featuredmedia":[{"embeddable":true,"href":"https:\/\/encuentroinformativo.com.mx\/index.php?rest_route=\/wp\/v2\/media\/7801"}],"wp:attachment":[{"href":"https:\/\/encuentroinformativo.com.mx\/index.php?rest_route=%2Fwp%2Fv2%2Fmedia&parent=7800"}],"wp:term":[{"taxonomy":"category","embeddable":true,"href":"https:\/\/encuentroinformativo.com.mx\/index.php?rest_route=%2Fwp%2Fv2%2Fcategories&post=7800"},{"taxonomy":"post_tag","embeddable":true,"href":"https:\/\/encuentroinformativo.com.mx\/index.php?rest_route=%2Fwp%2Fv2%2Ftags&post=7800"}],"curies":[{"name":"wp","href":"https:\/\/api.w.org\/{rel}","templated":true}]}}