{"id":7807,"date":"2020-11-07T14:57:12","date_gmt":"2020-11-07T20:57:12","guid":{"rendered":"https:\/\/encuentroinformativo.com.mx\/?p=7807"},"modified":"2020-11-07T14:57:16","modified_gmt":"2020-11-07T20:57:16","slug":"elecciones-eu","status":"publish","type":"post","link":"https:\/\/encuentroinformativo.com.mx\/?p=7807","title":{"rendered":"Elecciones EU"},"content":{"rendered":"\n<p><strong>N\u00fameros Rojos<\/strong><\/p>\n\n\n\n<p><strong>Brenda Caballero<\/strong><\/p>\n\n\n\n<p>Hace tres d\u00edas, mi sobrino de 8 a\u00f1os me sorprendi\u00f3: \u201c\u00bfT\u00eda,&nbsp; sabes c\u00f3mo van las elecciones en Estados Unidos?\u201d Le dije que estaba el conteo en los estados y que no hab\u00eda a\u00fan un ganador.<\/p>\n\n\n\n<p>\u201cBiden lleva 264 y Trump 214\u201d, me dijo. \u00bfD\u00f3nde lo viste? Le pregunt\u00e9 extra\u00f1ada. En las noticias de la noche, \u201ccon mi amigo Ciro\u201d, contest\u00f3. Fue extra\u00f1o que a su edad estuviera interesado en las elecciones de nuestro vecino del Norte, cuantim\u00e1s que no es un tema de conversaci\u00f3n que tengamos en casa con \u00e9l, pero agrad\u00f3 su inter\u00e9s en el proceso electoral estadounidense y su referencia a Ciro G\u00f3mez Leyva.<\/p>\n\n\n\n<p>\u201c\u00bfYa hay Presidente, t\u00eda?\u201d, volvi\u00f3 a preguntar ayer. Le contest\u00e9 diciendo que segu\u00edan en conteo estados clave. \u201cPero le bajaron puntos a Biden, tiene 253\u201d, coment\u00f3 preocupado. Es que a\u00fan no terminan de contar, volv\u00ed a decirle.<\/p>\n\n\n\n<p>Mientras ve\u00eda mi cuenta de twitter, le dec\u00eda que en algunos estados ya daban por ganador a Biden, incluso ya hasta hab\u00edan puesto el hashtag #BidenPresidente. Sus ojillos brillaron y se acerc\u00f3 a ver mi twitter. La curiosidad me mat\u00f3 y le pregunt\u00e9: \u201cOye, Santi \u00bfPor qu\u00e9 quieres que gane Joe Biden? \u00bfTe cae mal Donald Trump?\u201d Apenas entre dientes contest\u00f3 de manera afirmativa. Con m\u00e1s curiosidad por su respuesta, volv\u00ed a cuestionarle: \u00bfPor qu\u00e9 quieres que pierda Trump?<\/p>\n\n\n\n<p>\u2013\u00a1No quiero muros!<\/p>\n\n\n\n<p>Mis preguntas terminaron ante su respuesta de cierta forma esperanzadora, en una sociedad totalmente dividida, no solamente en Estados Unidos. Ac\u00e1 en M\u00e9xico tambi\u00e9n, pues hay quienes desean fervientemente el triunfo de Donald Trump.<\/p>\n\n\n\n<p>El proceso electoral en Estados Unidos ha estado totalmente polarizado por la pasi\u00f3n con la que los ciudadanos han salido a votar y tambi\u00e9n por las tendencias geopol\u00edticas que se han&nbsp; remarcado en el conteo, pues Joe Biden ha ganado en las grandes ciudades, mientras Donald Trump en las zonas rurales. Analistas refieren el proceso como una guerra fr\u00eda interna.<\/p>\n\n\n\n<p>Al momento de realizar esta columna, segu\u00eda el conteo de votos en los considerados estados clave como Arizona, Pensilvania, Nevada, Alaska, Georgia y Carolina del Norte y aunque Biden ganaba en votaci\u00f3n a Trump, \u00e9ste se aferra a su silla y ha declarado que se ir\u00e1 con todo por la v\u00eda legal para ser reelecto. Al mismo tiempo las redes sociales ya declaraban a Biden presidente. \u00bfSer\u00e1 que poco a poco Trump se vaya quedando solo?<\/p>\n\n\n\n<p>La votaci\u00f3n en Estados Unidos ha sido hist\u00f3rica, el voto latino ha sido determinante y si se confirma en unos d\u00edas el triunfo de Biden, sin duda ser\u00e1 un factor que cambie la hegemon\u00eda mundial.<\/p>\n\n\n\n<p>\u2013\u00bfT\u00eda, ya gan\u00f3 Biden?<\/p>\n\n\n\n<p>\u2013A\u00fan no\u2013 contesto a Santi, quien gritar\u00e1 y saltar\u00e1 de alegr\u00eda si se confirma su triunfo y llega a la Casa Blanca.<\/p>\n\n\n\n<p>@NumerosRojos_BC<\/p>\n\n\n\n<p><a href=\"mailto:caballero_brenda@hotmail.com\" target=\"_blank\" rel=\"noreferrer noopener\">caballero_brenda@hotmail.com<\/a><\/p>\n","protected":false},"excerpt":{"rendered":"<p>N\u00fameros Rojos Brenda Caballero Hace tres d\u00edas, mi sobrino de 8 a\u00f1os me sorprendi\u00f3: \u201c\u00bfT\u00eda,&nbsp; sabes c\u00f3mo van las elecciones en Estados Unidos?\u201d Le dije que estaba el conteo en los estados y que no hab\u00eda a\u00fan un ganador. \u201cBiden lleva 264 y Trump 214\u201d, me dijo. \u00bfD\u00f3nde lo viste? Le pregunt\u00e9 extra\u00f1ada. En las [&hellip;]<\/p>\n","protected":false},"author":1,"featured_media":387,"comment_status":"open","ping_status":"open","sticky":false,"template":"","format":"standard","meta":{"_jetpack_memberships_contains_paid_content":false,"footnotes":""},"categories":[11],"tags":[],"class_list":["post-7807","post","type-post","status-publish","format-standard","has-post-thumbnail","hentry","category-opinion"],"jetpack_featured_media_url":"https:\/\/encuentroinformativo.com.mx\/wp-content\/uploads\/2020\/03\/7CF8A22B-2764-47BE-8F7F-38FE9E5D6A2F.jpeg","jetpack_sharing_enabled":true,"jetpack_likes_enabled":true,"amp_enabled":true,"_links":{"self":[{"href":"https:\/\/encuentroinformativo.com.mx\/index.php?rest_route=\/wp\/v2\/posts\/7807","targetHints":{"allow":["GET"]}}],"collection":[{"href":"https:\/\/encuentroinformativo.com.mx\/index.php?rest_route=\/wp\/v2\/posts"}],"about":[{"href":"https:\/\/encuentroinformativo.com.mx\/index.php?rest_route=\/wp\/v2\/types\/post"}],"author":[{"embeddable":true,"href":"https:\/\/encuentroinformativo.com.mx\/index.php?rest_route=\/wp\/v2\/users\/1"}],"replies":[{"embeddable":true,"href":"https:\/\/encuentroinformativo.com.mx\/index.php?rest_route=%2Fwp%2Fv2%2Fcomments&post=7807"}],"version-history":[{"count":1,"href":"https:\/\/encuentroinformativo.com.mx\/index.php?rest_route=\/wp\/v2\/posts\/7807\/revisions"}],"predecessor-version":[{"id":7808,"href":"https:\/\/encuentroinformativo.com.mx\/index.php?rest_route=\/wp\/v2\/posts\/7807\/revisions\/7808"}],"wp:featuredmedia":[{"embeddable":true,"href":"https:\/\/encuentroinformativo.com.mx\/index.php?rest_route=\/wp\/v2\/media\/387"}],"wp:attachment":[{"href":"https:\/\/encuentroinformativo.com.mx\/index.php?rest_route=%2Fwp%2Fv2%2Fmedia&parent=7807"}],"wp:term":[{"taxonomy":"category","embeddable":true,"href":"https:\/\/encuentroinformativo.com.mx\/index.php?rest_route=%2Fwp%2Fv2%2Fcategories&post=7807"},{"taxonomy":"post_tag","embeddable":true,"href":"https:\/\/encuentroinformativo.com.mx\/index.php?rest_route=%2Fwp%2Fv2%2Ftags&post=7807"}],"curies":[{"name":"wp","href":"https:\/\/api.w.org\/{rel}","templated":true}]}}