{"id":7812,"date":"2020-11-08T14:35:26","date_gmt":"2020-11-08T20:35:26","guid":{"rendered":"https:\/\/encuentroinformativo.com.mx\/?p=7812"},"modified":"2020-11-08T14:35:29","modified_gmt":"2020-11-08T20:35:29","slug":"partidos-piden-cambios-en-la-secretaria-de-salud","status":"publish","type":"post","link":"https:\/\/encuentroinformativo.com.mx\/?p=7812","title":{"rendered":"Partidos piden cambios en la Secretar\u00eda de Salud"},"content":{"rendered":"\n<p><strong>Dar\u00edo Pale <\/strong><\/p>\n\n\n\n<p>Xalapa, Ver.- El Presidente de la Comisi\u00f3n Ejecutiva Estatal en Veracruz de Redes Sociales Progresistas (RSP) Antonio Lagunes Toral, se\u00f1al\u00f3 que el Secretario de Salud en Veracruz, Roberto Ramos Alor debe de ser separado de su encargo ante el mal desempe\u00f1o que ha mostrado al frente de la dependencia estatal.<\/p>\n\n\n\n<p>En entrevista dio a concer que hay acciones como falta de medicamentos, centros de salud cerrados, una mala estrategia ante la pandemia por COVID-19, entre otras carencias m\u00e1s,\u00a0\u201cyo siempre lo he dicho, ya es tiempo que el gobernador haga cambios\u201d, dijo al tiempo que coment\u00f3 que se ha dado cuenta de las necesidades en materia de salud pues ha caminado en diversos municipios del estado.<\/p>\n\n\n\n<p>De cara a la Glosa de Gobierno que se entregar\u00e1 el pr\u00f3ximo 15 de noviembre, dijo que se debe de hacer un an\u00e1lisis del desempe\u00f1o de los secretarios de despacho, pero que sin duda, en el \u00e1rea de salud si se deben de dar cambios.<\/p>\n\n\n\n<p>Al cuestionarlo sobre el tema de las comparecencias que se arrancar\u00e1n a partir del 18 de noviembre, expuso que no se espera nada bueno.<\/p>\n\n\n\n<p>Finalmente Antonio Lagunes mencion\u00f3 que siguen d\u00e1ndose muchas quejas en contra de los secretarios, \u201chay muchas quejas en mi caminar, yo creo que el peor de todos los secretarios es el de salud, no hay mucho que esperar, yo siempre he dicho que se pongan a trabajar\u201d.<\/p>\n","protected":false},"excerpt":{"rendered":"<p>Dar\u00edo Pale Xalapa, Ver.- El Presidente de la Comisi\u00f3n Ejecutiva Estatal en Veracruz de Redes Sociales Progresistas (RSP) Antonio Lagunes Toral, se\u00f1al\u00f3 que el Secretario de Salud en Veracruz, Roberto Ramos Alor debe de ser separado de su encargo ante el mal desempe\u00f1o que ha mostrado al frente de la dependencia estatal. En entrevista dio [&hellip;]<\/p>\n","protected":false},"author":1,"featured_media":7813,"comment_status":"open","ping_status":"open","sticky":false,"template":"","format":"standard","meta":{"_jetpack_memberships_contains_paid_content":false,"footnotes":""},"categories":[3],"tags":[],"class_list":["post-7812","post","type-post","status-publish","format-standard","has-post-thumbnail","hentry","category-xalapa"],"jetpack_featured_media_url":"https:\/\/encuentroinformativo.com.mx\/wp-content\/uploads\/2020\/11\/BD8C123C-FA8E-427F-81CF-3A69DD01FF94.jpeg","jetpack_sharing_enabled":true,"jetpack_likes_enabled":true,"amp_enabled":true,"_links":{"self":[{"href":"https:\/\/encuentroinformativo.com.mx\/index.php?rest_route=\/wp\/v2\/posts\/7812","targetHints":{"allow":["GET"]}}],"collection":[{"href":"https:\/\/encuentroinformativo.com.mx\/index.php?rest_route=\/wp\/v2\/posts"}],"about":[{"href":"https:\/\/encuentroinformativo.com.mx\/index.php?rest_route=\/wp\/v2\/types\/post"}],"author":[{"embeddable":true,"href":"https:\/\/encuentroinformativo.com.mx\/index.php?rest_route=\/wp\/v2\/users\/1"}],"replies":[{"embeddable":true,"href":"https:\/\/encuentroinformativo.com.mx\/index.php?rest_route=%2Fwp%2Fv2%2Fcomments&post=7812"}],"version-history":[{"count":1,"href":"https:\/\/encuentroinformativo.com.mx\/index.php?rest_route=\/wp\/v2\/posts\/7812\/revisions"}],"predecessor-version":[{"id":7814,"href":"https:\/\/encuentroinformativo.com.mx\/index.php?rest_route=\/wp\/v2\/posts\/7812\/revisions\/7814"}],"wp:featuredmedia":[{"embeddable":true,"href":"https:\/\/encuentroinformativo.com.mx\/index.php?rest_route=\/wp\/v2\/media\/7813"}],"wp:attachment":[{"href":"https:\/\/encuentroinformativo.com.mx\/index.php?rest_route=%2Fwp%2Fv2%2Fmedia&parent=7812"}],"wp:term":[{"taxonomy":"category","embeddable":true,"href":"https:\/\/encuentroinformativo.com.mx\/index.php?rest_route=%2Fwp%2Fv2%2Fcategories&post=7812"},{"taxonomy":"post_tag","embeddable":true,"href":"https:\/\/encuentroinformativo.com.mx\/index.php?rest_route=%2Fwp%2Fv2%2Ftags&post=7812"}],"curies":[{"name":"wp","href":"https:\/\/api.w.org\/{rel}","templated":true}]}}