{"id":7822,"date":"2020-11-08T17:38:03","date_gmt":"2020-11-08T23:38:03","guid":{"rendered":"https:\/\/encuentroinformativo.com.mx\/?p=7822"},"modified":"2020-11-08T17:38:06","modified_gmt":"2020-11-08T23:38:06","slug":"se-mantendran-parques-cerrados-en-xalapa","status":"publish","type":"post","link":"https:\/\/encuentroinformativo.com.mx\/?p=7822","title":{"rendered":"Se mantendr\u00e1n parques cerrados en Xalapa"},"content":{"rendered":"\n<p><strong>Juan Arcos <\/strong><\/p>\n\n\n\n<p>Xalapa, Ver.- El estado de Veracruz se mantendr\u00e1 en Sem\u00e1foro de Riesgo Epidemiol\u00f3gico color amarillo, de riesgo medio de contagio, del lunes 9 al domingo 22 de noviembre.<\/p>\n\n\n\n<p>De acuerdo con el titular de la Secretar\u00eda de Salud (SS), Roberto Ramos Alor, el sem\u00e1foro regional quedar\u00e1 naranja, de riesgo alto de contagio, para 81 municipios, y color amarillo para 131 municipios.<\/p>\n\n\n\n<p>Los colores son determinados con base en la ocupaci\u00f3n hospitalaria y la condici\u00f3n de salud de los pacientes.<\/p>\n\n\n\n<p>El funcionario estatal alert\u00f3 que los municipios que registraron un incremento en los casos activos son: Xalapa, Mart\u00ednez de la Torre, Coatepec y Emiliano Zapata.<\/p>\n\n\n\n<p>Adem\u00e1s, indic\u00f3 que J\u00e1ltipan y Soconusco, municipios que se encontraban en sem\u00e1foro verde, regresaron a color amarrillo por no acatar las medidas sanitarias. Lo mismo podr\u00eda suceder en toda la entidad de persistir dicha conducta.<\/p>\n\n\n\n<p>Solo en la capital del estado se han contabilizado 2 mil 464 casos positivos, 376 defunciones y 615 sospechosos.<\/p>\n\n\n\n<p>Adem\u00e1s, por un posible rebrote de coronavirus, el ayuntamiento de Xalapa determin\u00f3 cerrar nuevamente algunos parques de la ciudad, como Los Berros y el Paseo de Los Lagos.<\/p>\n\n\n\n<p>El Secretario de Salud insisti\u00f3 en que si la poblaci\u00f3n no acata las medidas sanitarias el sem\u00e1foro epidemiol\u00f3gico en Veracruz podr\u00eda volver a color rojo.<\/p>\n","protected":false},"excerpt":{"rendered":"<p>Juan Arcos Xalapa, Ver.- El estado de Veracruz se mantendr\u00e1 en Sem\u00e1foro de Riesgo Epidemiol\u00f3gico color amarillo, de riesgo medio de contagio, del lunes 9 al domingo 22 de noviembre. De acuerdo con el titular de la Secretar\u00eda de Salud (SS), Roberto Ramos Alor, el sem\u00e1foro regional quedar\u00e1 naranja, de riesgo alto de contagio, para [&hellip;]<\/p>\n","protected":false},"author":1,"featured_media":7823,"comment_status":"open","ping_status":"open","sticky":false,"template":"","format":"standard","meta":{"_jetpack_memberships_contains_paid_content":false,"footnotes":""},"categories":[3],"tags":[],"class_list":["post-7822","post","type-post","status-publish","format-standard","has-post-thumbnail","hentry","category-xalapa"],"jetpack_featured_media_url":"https:\/\/encuentroinformativo.com.mx\/wp-content\/uploads\/2020\/11\/6C4A5467-9EFB-4564-BBFE-D13520EFF418.jpeg","jetpack_sharing_enabled":true,"jetpack_likes_enabled":true,"amp_enabled":true,"_links":{"self":[{"href":"https:\/\/encuentroinformativo.com.mx\/index.php?rest_route=\/wp\/v2\/posts\/7822","targetHints":{"allow":["GET"]}}],"collection":[{"href":"https:\/\/encuentroinformativo.com.mx\/index.php?rest_route=\/wp\/v2\/posts"}],"about":[{"href":"https:\/\/encuentroinformativo.com.mx\/index.php?rest_route=\/wp\/v2\/types\/post"}],"author":[{"embeddable":true,"href":"https:\/\/encuentroinformativo.com.mx\/index.php?rest_route=\/wp\/v2\/users\/1"}],"replies":[{"embeddable":true,"href":"https:\/\/encuentroinformativo.com.mx\/index.php?rest_route=%2Fwp%2Fv2%2Fcomments&post=7822"}],"version-history":[{"count":1,"href":"https:\/\/encuentroinformativo.com.mx\/index.php?rest_route=\/wp\/v2\/posts\/7822\/revisions"}],"predecessor-version":[{"id":7824,"href":"https:\/\/encuentroinformativo.com.mx\/index.php?rest_route=\/wp\/v2\/posts\/7822\/revisions\/7824"}],"wp:featuredmedia":[{"embeddable":true,"href":"https:\/\/encuentroinformativo.com.mx\/index.php?rest_route=\/wp\/v2\/media\/7823"}],"wp:attachment":[{"href":"https:\/\/encuentroinformativo.com.mx\/index.php?rest_route=%2Fwp%2Fv2%2Fmedia&parent=7822"}],"wp:term":[{"taxonomy":"category","embeddable":true,"href":"https:\/\/encuentroinformativo.com.mx\/index.php?rest_route=%2Fwp%2Fv2%2Fcategories&post=7822"},{"taxonomy":"post_tag","embeddable":true,"href":"https:\/\/encuentroinformativo.com.mx\/index.php?rest_route=%2Fwp%2Fv2%2Ftags&post=7822"}],"curies":[{"name":"wp","href":"https:\/\/api.w.org\/{rel}","templated":true}]}}