{"id":7829,"date":"2020-11-09T07:07:14","date_gmt":"2020-11-09T13:07:14","guid":{"rendered":"https:\/\/encuentroinformativo.com.mx\/?p=7829"},"modified":"2020-11-09T01:47:29","modified_gmt":"2020-11-09T07:47:29","slug":"cuestion-de-criterio","status":"publish","type":"post","link":"https:\/\/encuentroinformativo.com.mx\/?p=7829","title":{"rendered":"CUESTI\u00d3N DE CRITERIO"},"content":{"rendered":"\n<p><strong>+ IVAI se muda de sede.<br>+ Ra\u00fal Arias regresa a la UV.<br>+ Ebrard habla de Biden.<br><br><em>\u00bfNeta? \u00bfYa desde ahorita vaticinan mala relaci\u00f3n M\u00e9xico-EEUU? Si todav\u00eda ni toma posesi\u00f3n. No succionen, plis.<br>&#8211;Chopenjawer<\/em><\/strong><\/p>\n\n\n\n<p>El domingo pasado una amiga vino a Coatepec y en la caminata por el centro nos toc\u00f3 ver a la distancia una peregrinaci\u00f3n dedicada a la Santa Muerte.<\/p>\n\n\n\n<p>Ese d\u00eda tra\u00eda c\u00e1mara y el infaltable celular, pero la neta, me invadi\u00f3 la hueva dominguera de regresar al parque de donde ven\u00edamos (la peregrinaci\u00f3n iba rodeando a la Parroquia de San Jer\u00f3nimo), que estaba como a cuadra y media.<\/p>\n\n\n\n<p>La otra raz\u00f3n por la que ni siquiera me acerqu\u00e9 a ese grupo de fan\u00e1ticos de la Santa Muerte (que adem\u00e1s iban en bola, varios sin cubrebocas, en plena pandemia) es que la neta decid\u00ed ignorar el suceso.<\/p>\n\n\n\n<p>Ya con un vinito encima, le explicaba a mi amiga que no le ve\u00eda el caso cubrir un evento de un grupo de ignaros fan\u00e1ticos que veneran a la muerte como una deidad (que de por s\u00ed no soy muy fan de figuras divinas); s\u00ed, es muy respetable la creencia de cada quien, pero es incre\u00edble que esa cultura de la muerte la veamos tan normal que ya ni nos espantemos cuando vemos un descuartizado o un muerto por bala.<\/p>\n\n\n\n<p>S\u00ed, hemos perdido la capacidad de asombro ante la violencia inusitada en M\u00e9xico: los ni\u00f1os juegan al sicario, al secuestrado, al &#8220;levantado&#8221;; se glorifican series donde se hace apolog\u00eda al narcotr\u00e1fico; he visto fotos donde la gente est\u00e1 como si nada frente a un ejecutado, chismeando como si nada.<\/p>\n\n\n\n<p>Que me perdonen los creyentes, pero de hecho la &#8220;santa muerte&#8221; la relacionan m\u00e1s con los que andan port\u00e1ndose mal en la vida. Ya que necesiten \u00e9stos aferrarse a algo sobrenatural para justificar sus actos criminales, es otro rollo.<\/p>\n\n\n\n<p>Pero ese d\u00eda, por flojera y porque decid\u00ed ejercer el criterio de no glorificar una romer\u00eda bastante pat\u00e9tica, pues quiz\u00e1s me perd\u00ed de buenas fotos, pero lo cambi\u00e9 por un buen vino, una mejor pl\u00e1tica con una buena compa\u00f1\u00eda y en un lugar con aire acondicionado. Ya sabe, uno que es bien hedonista.<\/p>\n\n\n\n<p>\u00bfY a qu\u00e9 viene el choro anterior?<\/p>\n\n\n\n<p>A que le\u00edmos que varias televisoras de Estados Unidos tambi\u00e9n decidieron ejercer el criterio de no dar cobertura al mensaje del presidente de Estados Unidos, Donald Trump, quien ocup\u00f3 20 minutos en la sala de prensa de la Casa Blanca para decir una bola de mentiras que, en resumen, era para decir que hab\u00eda fraude, que le estaban robando la elecci\u00f3n, lo que no ha sustentado con pruebas irrefutables.<\/p>\n\n\n\n<p>Lo que quiz\u00e1 era un hecho hist\u00f3rico para los Estados Unidos, un mensaje del hombre m\u00e1s poderoso del mundo, algunas cadenas de televisi\u00f3n decidieron ignorar simplemente porque el mensaje no val\u00eda la pena, m\u00e1s all\u00e1 de quienes crean que existen otros intereses comerciales (que deben existir).<\/p>\n\n\n\n<p>Y es que aparentemente hay situaciones donde la escuela period\u00edstica dicta que, sea malo o bueno, hay que cubrir, hay que acercarse, hay que reportar, pero tambi\u00e9n creo que s\u00ed vale la pena aplicar el criterio, y en este caso, dejar de hacer caso a cosas impositivas y falsas.<\/p>\n\n\n\n<p>Dicen por ah\u00ed que lo mismo deber\u00edan hacer con las conferencias ma\u00f1aneras, pero la realidad es que no todos los medios le dan espacio a las conferencias de L\u00f3pez Obrador e incluso le cortan cuando al &#8220;preciso&#8221; le da por contar sus an\u00e9cdotas, arremeter contra periodistas o a dar clases de historia de M\u00e9xico.<\/p>\n\n\n\n<p>S\u00ed, hay un abismo de diferencia entre la hueva de ir a perseguir una peregrinaci\u00f3n y dejar que un loco peligroso con mucho poder, alcance y fan\u00e1ticos haga afirmaciones que se alejan mucho de la sagrada investidura presidencial que es para los gringos.<\/p>\n\n\n\n<p>Es cosa de criterio, seg\u00fan su servilleta. Feliz inicio de semana.<\/p>\n\n\n\n<p><strong>NOTA PARA PEGAR EN EL REFRI:<\/strong>&nbsp;Que el Instituto Veracruzano de Acceso a la Informaci\u00f3n y Protecci\u00f3n de Datos Personales (IVAI) cambiar\u00e1 de sede. Se sabe que tuvieron momentos complicados por el tema de que los anteriores consejeros se les &#8220;olvid\u00f3&#8221; pagar la renta y esa deuda creci\u00f3 y la heredaron al nuevo Consejo. Mientras, los tiempos austeros les obligan a pasar a otro lugar, m\u00e1s cerca del centro, sobre la calle Clavijero, lo que se realizar\u00e1 m\u00e1s o menos a fin de mes.<\/p>\n\n\n\n<p><strong>OTRA NOTA:&nbsp;<\/strong>Como lo informamos este fin de semana en el portal&nbsp;<a href=\"http:\/\/versiones.com.mx\/\">Versiones.com.mx<\/a>, quien regresa con todo el \u00e1nimo de ayudar a recuperar el esp\u00edritu aut\u00f3nomo de la Junta de Gobierno de la Universidad Veracruzana (vinculado desde hace a\u00f1os al poder pol\u00edtico) es el ex rector Ra\u00fal Arias Lovillo, quien fue propuesto por dos facultades y dos institutos de la m\u00e1xima casa de estudios como candidato a integrante externo de la Junta de Gobierno. Como ya es sabido, la Junta de Gobierno de la UV est\u00e1 integrada por nueve miembros, de los cuales cinco son internos y el restante son cuatro externos. Arias Lovillo fue quien acept\u00f3 a trav\u00e9s de una carta dirigida a Enrique Ram\u00edrez Nazariega, presidente en turno de la Junta de Gobierno. El asunto es que salga una terna en pr\u00f3ximos d\u00edas para suplir a uno de los consejeros externos que se va, y Arias Lovillo ya suena fuerte como el m\u00e1s fuerte candidato a vencer.<\/p>\n\n\n\n<p><strong>LA \u00daLTIMA:<\/strong>\u00a0&#8220;Lo que vemos venir es una etapa con enorme potencial para los tres pa\u00edses, por lo que escuch\u00e9 del discurso de Joe Biden, es evidente que vamos a tener una pol\u00edtica de cooperaci\u00f3n mundial y con M\u00e9xico&#8221;, dijo el secretario de Relaciones Exteriores, Marcelo Ebrard. A\u00f1adi\u00f3 que los opositores &#8220;se van a quedar con las ganas&#8221; de que exista un pleito entre Biden y AMLO, debido a la decisi\u00f3n de este \u00faltimo de no pronunciarse por la victoria del dem\u00f3crata. Ya sabe, M\u00e9xico.<\/p>\n\n\n\n<p><strong>@pablojair<\/strong><\/p>\n","protected":false},"excerpt":{"rendered":"<p>+ IVAI se muda de sede.+ Ra\u00fal Arias regresa a la UV.+ Ebrard habla de Biden. \u00bfNeta? \u00bfYa desde ahorita vaticinan mala relaci\u00f3n M\u00e9xico-EEUU? Si todav\u00eda ni toma posesi\u00f3n. No succionen, plis.&#8211;Chopenjawer El domingo pasado una amiga vino a Coatepec y en la caminata por el centro nos toc\u00f3 ver a la distancia una peregrinaci\u00f3n [&hellip;]<\/p>\n","protected":false},"author":1,"featured_media":488,"comment_status":"open","ping_status":"open","sticky":false,"template":"","format":"standard","meta":{"_jetpack_memberships_contains_paid_content":false,"footnotes":""},"categories":[11],"tags":[],"class_list":["post-7829","post","type-post","status-publish","format-standard","has-post-thumbnail","hentry","category-opinion"],"jetpack_featured_media_url":"https:\/\/encuentroinformativo.com.mx\/wp-content\/uploads\/2020\/03\/F471F608-BA1A-416B-BA7B-BCFB24F4E6D0.jpeg","jetpack_sharing_enabled":true,"jetpack_likes_enabled":true,"amp_enabled":true,"_links":{"self":[{"href":"https:\/\/encuentroinformativo.com.mx\/index.php?rest_route=\/wp\/v2\/posts\/7829","targetHints":{"allow":["GET"]}}],"collection":[{"href":"https:\/\/encuentroinformativo.com.mx\/index.php?rest_route=\/wp\/v2\/posts"}],"about":[{"href":"https:\/\/encuentroinformativo.com.mx\/index.php?rest_route=\/wp\/v2\/types\/post"}],"author":[{"embeddable":true,"href":"https:\/\/encuentroinformativo.com.mx\/index.php?rest_route=\/wp\/v2\/users\/1"}],"replies":[{"embeddable":true,"href":"https:\/\/encuentroinformativo.com.mx\/index.php?rest_route=%2Fwp%2Fv2%2Fcomments&post=7829"}],"version-history":[{"count":1,"href":"https:\/\/encuentroinformativo.com.mx\/index.php?rest_route=\/wp\/v2\/posts\/7829\/revisions"}],"predecessor-version":[{"id":7830,"href":"https:\/\/encuentroinformativo.com.mx\/index.php?rest_route=\/wp\/v2\/posts\/7829\/revisions\/7830"}],"wp:featuredmedia":[{"embeddable":true,"href":"https:\/\/encuentroinformativo.com.mx\/index.php?rest_route=\/wp\/v2\/media\/488"}],"wp:attachment":[{"href":"https:\/\/encuentroinformativo.com.mx\/index.php?rest_route=%2Fwp%2Fv2%2Fmedia&parent=7829"}],"wp:term":[{"taxonomy":"category","embeddable":true,"href":"https:\/\/encuentroinformativo.com.mx\/index.php?rest_route=%2Fwp%2Fv2%2Fcategories&post=7829"},{"taxonomy":"post_tag","embeddable":true,"href":"https:\/\/encuentroinformativo.com.mx\/index.php?rest_route=%2Fwp%2Fv2%2Ftags&post=7829"}],"curies":[{"name":"wp","href":"https:\/\/api.w.org\/{rel}","templated":true}]}}