{"id":7838,"date":"2020-11-09T10:26:59","date_gmt":"2020-11-09T16:26:59","guid":{"rendered":"https:\/\/encuentroinformativo.com.mx\/?p=7838"},"modified":"2020-11-09T10:27:02","modified_gmt":"2020-11-09T16:27:02","slug":"reclaman-cambios-de-adscripcion-se-plantan-en-la-sev","status":"publish","type":"post","link":"https:\/\/encuentroinformativo.com.mx\/?p=7838","title":{"rendered":"Reclaman cambios de adscripci\u00f3n, se plantan en la SEV"},"content":{"rendered":"\n<p><strong>Dar\u00edo Pale <\/strong><\/p>\n\n\n\n<p>Xalapa, Ver.- El\u00a0secretario general de Alternativa Sindical de Trabajadores de la Educaci\u00f3n de Veracruz (ASTEV) Ignacio Ortiz Reyes, dio\u00a0a conocer que la\u00a0\u00a0Secretar\u00eda de Educaci\u00f3n de Veracruz estar\u00e1 tomada hasta que se reflejen los cambios de adscripci\u00f3n de los docentes que lo han solicitado, por lo cual desde las\u00a0las 06:40 de la ma\u00f1ana arribaron a la dependencia estatal y colgaron lonas en las que se le\u00edan las exigencias de pago.<\/p>\n\n\n\n<p>Los integrantes de ocho sindicatos que integran la Uni\u00f3n, tomaron las instalaciones de manera indefinida,\u00a0lament\u00f3 que la SEV no respete las demandas y peticiones de cada uno de los sindicatos, a los cuales ya se hab\u00eda comprometido, como son las recategorizaciones, cambios de adscripci\u00f3n y la cotizaci\u00f3n de cuotas sindicales.<\/p>\n\n\n\n<p>Destac\u00f3 que a pesar de las mesas de trabajo que han realizado, no han tenido respuesta hasta el momento, por el contrario lo han tomado como un burla al no ver avances,\u00a0\u201cSi los cambios de adscripci\u00f3n no salen antes de que termine el a\u00f1o, llegar\u00e1 enero y los mandaran\u00a0 hasta agosto; situaci\u00f3n que no podemos permitir, estamos cansados de que nos quieran tomar el pelo, somos sindicatos no t\u00edteres y tenemos la representaci\u00f3n legitima de los maestros\u201d.<\/p>\n\n\n\n<p>Por lo anterior sostuvo que la SEV estar\u00e1 tomada hasta que sea necesario, \u201choy no estamos en la disposici\u00f3n de que alguien nos reciba, conforme veamos movimientos con base en las demandas solicitadas, es como vamos a ir levantando esta manifestaci\u00f3n\u201d.<br>El mal actuar de los funcionarios de la SEV \u201cel martes estuvimos haciendo ante sale para ver al Secretario de Educaci\u00f3n Roberto Zenyacen Escobar, y despu\u00e9s de varias horas salieron de su oficina para decirnos que no nos iba a atender porque podr\u00edamos poner en riesgo su salud ante Covid-19.<\/p>\n\n\n\n<p>En la fachada de la instituci\u00f3n fueron colgadas varias lonas con las consignas de &#8220;negligencia en la SEV, m\u00e1s de 30 quincenas sin cotizar cuotas federales&#8221;, &#8220;toma de instalaciones indefinida por ineficientes y corruptos&#8221;, entre otras.<\/p>\n\n\n\n<p>Finalmente los dem\u00e1s dirigentes sindicales indicaron que representan a un promedio de 3 mil profesores de la entidad veracruzana, por ello mantendr\u00edan la toma por tiempo indefinido y de manera escalonada por las medidas sanitarias de coronavirus.<\/p>\n","protected":false},"excerpt":{"rendered":"<p>Dar\u00edo Pale Xalapa, Ver.- El\u00a0secretario general de Alternativa Sindical de Trabajadores de la Educaci\u00f3n de Veracruz (ASTEV) Ignacio Ortiz Reyes, dio\u00a0a conocer que la\u00a0\u00a0Secretar\u00eda de Educaci\u00f3n de Veracruz estar\u00e1 tomada hasta que se reflejen los cambios de adscripci\u00f3n de los docentes que lo han solicitado, por lo cual desde las\u00a0las 06:40 de la ma\u00f1ana arribaron [&hellip;]<\/p>\n","protected":false},"author":1,"featured_media":7839,"comment_status":"open","ping_status":"open","sticky":false,"template":"","format":"standard","meta":{"_jetpack_memberships_contains_paid_content":false,"footnotes":""},"categories":[3],"tags":[],"class_list":["post-7838","post","type-post","status-publish","format-standard","has-post-thumbnail","hentry","category-xalapa"],"jetpack_featured_media_url":"https:\/\/encuentroinformativo.com.mx\/wp-content\/uploads\/2020\/11\/3CBF8A60-1596-443E-ABDA-C8EFD527E78F.jpeg","jetpack_sharing_enabled":true,"jetpack_likes_enabled":true,"amp_enabled":true,"_links":{"self":[{"href":"https:\/\/encuentroinformativo.com.mx\/index.php?rest_route=\/wp\/v2\/posts\/7838","targetHints":{"allow":["GET"]}}],"collection":[{"href":"https:\/\/encuentroinformativo.com.mx\/index.php?rest_route=\/wp\/v2\/posts"}],"about":[{"href":"https:\/\/encuentroinformativo.com.mx\/index.php?rest_route=\/wp\/v2\/types\/post"}],"author":[{"embeddable":true,"href":"https:\/\/encuentroinformativo.com.mx\/index.php?rest_route=\/wp\/v2\/users\/1"}],"replies":[{"embeddable":true,"href":"https:\/\/encuentroinformativo.com.mx\/index.php?rest_route=%2Fwp%2Fv2%2Fcomments&post=7838"}],"version-history":[{"count":1,"href":"https:\/\/encuentroinformativo.com.mx\/index.php?rest_route=\/wp\/v2\/posts\/7838\/revisions"}],"predecessor-version":[{"id":7840,"href":"https:\/\/encuentroinformativo.com.mx\/index.php?rest_route=\/wp\/v2\/posts\/7838\/revisions\/7840"}],"wp:featuredmedia":[{"embeddable":true,"href":"https:\/\/encuentroinformativo.com.mx\/index.php?rest_route=\/wp\/v2\/media\/7839"}],"wp:attachment":[{"href":"https:\/\/encuentroinformativo.com.mx\/index.php?rest_route=%2Fwp%2Fv2%2Fmedia&parent=7838"}],"wp:term":[{"taxonomy":"category","embeddable":true,"href":"https:\/\/encuentroinformativo.com.mx\/index.php?rest_route=%2Fwp%2Fv2%2Fcategories&post=7838"},{"taxonomy":"post_tag","embeddable":true,"href":"https:\/\/encuentroinformativo.com.mx\/index.php?rest_route=%2Fwp%2Fv2%2Ftags&post=7838"}],"curies":[{"name":"wp","href":"https:\/\/api.w.org\/{rel}","templated":true}]}}