{"id":7844,"date":"2020-11-09T10:45:21","date_gmt":"2020-11-09T16:45:21","guid":{"rendered":"https:\/\/encuentroinformativo.com.mx\/?p=7844"},"modified":"2020-11-09T10:45:23","modified_gmt":"2020-11-09T16:45:23","slug":"trabajadores-demandan-reinstalacion-en-limpia-publica","status":"publish","type":"post","link":"https:\/\/encuentroinformativo.com.mx\/?p=7844","title":{"rendered":"Trabajadores demandan reinstalaci\u00f3n en Limpia P\u00fablica"},"content":{"rendered":"\n<p><strong>Juan Arcos <\/strong><\/p>\n\n\n\n<p>Xalapa, Ver.- Personal de Limpia P\u00fablica march\u00f3 desde la Subdirecci\u00f3n de Gesti\u00f3n Integral de Residuos S\u00f3lidos al centro de Xalapa para exigir la basificaci\u00f3n de 80 trabajadores y la reinstalaci\u00f3n de siete de sus compa\u00f1eros que fueron despedidos injustificadamente.<\/p>\n\n\n\n<p>Los quejosos se concentraron sobre la avenida \u201cEnrique C. R\u00e9bsamen\u201d, en la unidad habitacional Xalapa 2000, para posteriormente caminar hacia Plaza Sebasti\u00e1n Lerdo de Tejada.<\/p>\n\n\n\n<p>De acuerdo con Octavio V\u00e1zquez Ram\u00edrez, exl\u00edder sindical de Limpia P\u00fablica, las 80 personas laboran sin un contrato, sin salario y sin prestaciones de ley.<\/p>\n\n\n\n<p>\u201cLos trabajadores andan arriesgando su vida, se caen de los carros, se mueren, no hay apoyo econ\u00f3mico para sus familiares, se cortan las manos, ellos tienen que pagar sus medicamentos\u201d.<\/p>\n\n\n\n<p>Record\u00f3 que esos trabajadores perciben solo 70 pesos diarios, mediante la pepena, recursos que no les alcanza paga cubrir las necesidades de sus familias.<\/p>\n\n\n\n<p>Los trabajadores voluntarios portaban cartulinas con fotograf\u00edas de las lesiones que han sufrido en manos y pies, durante sus jornadas laborales.<\/p>\n\n\n\n<p>En otras pancartas pidieron la reinstalaci\u00f3n de siete de sus compa\u00f1eros: Eliseo Soto, Fredy Hern\u00e1ndez Ochoa, Miguel Barrera, Octavio V\u00e1zquez Ram\u00edrez, Gerardo Mota Hern\u00e1ndez, Mario Lav\u00edn y Jos\u00e9 Guzm\u00e1n.<\/p>\n\n\n\n<p>Los inconformes pidieron la intervenci\u00f3n del gobernador del estado, Cuitl\u00e1huac Garc\u00eda Jim\u00e9nez, para que les den un contrato a los trabajadores.\u00a0<\/p>\n\n\n\n<p>Cabe mencionar que el servicio de recolecci\u00f3n de basura est\u00e1 brind\u00e1ndose a la ciudadan\u00eda al 90 por ciento, pues s\u00f3lo el diez por ciento restante particip\u00f3 en la manifestaci\u00f3n.\u00a0<\/p>\n","protected":false},"excerpt":{"rendered":"<p>Juan Arcos Xalapa, Ver.- Personal de Limpia P\u00fablica march\u00f3 desde la Subdirecci\u00f3n de Gesti\u00f3n Integral de Residuos S\u00f3lidos al centro de Xalapa para exigir la basificaci\u00f3n de 80 trabajadores y la reinstalaci\u00f3n de siete de sus compa\u00f1eros que fueron despedidos injustificadamente. Los quejosos se concentraron sobre la avenida \u201cEnrique C. R\u00e9bsamen\u201d, en la unidad habitacional [&hellip;]<\/p>\n","protected":false},"author":1,"featured_media":7845,"comment_status":"open","ping_status":"open","sticky":false,"template":"","format":"standard","meta":{"_jetpack_memberships_contains_paid_content":false,"footnotes":""},"categories":[3],"tags":[],"class_list":["post-7844","post","type-post","status-publish","format-standard","has-post-thumbnail","hentry","category-xalapa"],"jetpack_featured_media_url":"https:\/\/encuentroinformativo.com.mx\/wp-content\/uploads\/2020\/11\/136802B4-10CC-4C54-A127-CB9749CB7375.jpeg","jetpack_sharing_enabled":true,"jetpack_likes_enabled":true,"amp_enabled":true,"_links":{"self":[{"href":"https:\/\/encuentroinformativo.com.mx\/index.php?rest_route=\/wp\/v2\/posts\/7844","targetHints":{"allow":["GET"]}}],"collection":[{"href":"https:\/\/encuentroinformativo.com.mx\/index.php?rest_route=\/wp\/v2\/posts"}],"about":[{"href":"https:\/\/encuentroinformativo.com.mx\/index.php?rest_route=\/wp\/v2\/types\/post"}],"author":[{"embeddable":true,"href":"https:\/\/encuentroinformativo.com.mx\/index.php?rest_route=\/wp\/v2\/users\/1"}],"replies":[{"embeddable":true,"href":"https:\/\/encuentroinformativo.com.mx\/index.php?rest_route=%2Fwp%2Fv2%2Fcomments&post=7844"}],"version-history":[{"count":1,"href":"https:\/\/encuentroinformativo.com.mx\/index.php?rest_route=\/wp\/v2\/posts\/7844\/revisions"}],"predecessor-version":[{"id":7846,"href":"https:\/\/encuentroinformativo.com.mx\/index.php?rest_route=\/wp\/v2\/posts\/7844\/revisions\/7846"}],"wp:featuredmedia":[{"embeddable":true,"href":"https:\/\/encuentroinformativo.com.mx\/index.php?rest_route=\/wp\/v2\/media\/7845"}],"wp:attachment":[{"href":"https:\/\/encuentroinformativo.com.mx\/index.php?rest_route=%2Fwp%2Fv2%2Fmedia&parent=7844"}],"wp:term":[{"taxonomy":"category","embeddable":true,"href":"https:\/\/encuentroinformativo.com.mx\/index.php?rest_route=%2Fwp%2Fv2%2Fcategories&post=7844"},{"taxonomy":"post_tag","embeddable":true,"href":"https:\/\/encuentroinformativo.com.mx\/index.php?rest_route=%2Fwp%2Fv2%2Ftags&post=7844"}],"curies":[{"name":"wp","href":"https:\/\/api.w.org\/{rel}","templated":true}]}}