{"id":7850,"date":"2020-11-09T13:31:26","date_gmt":"2020-11-09T19:31:26","guid":{"rendered":"https:\/\/encuentroinformativo.com.mx\/?p=7850"},"modified":"2020-11-09T13:31:29","modified_gmt":"2020-11-09T19:31:29","slug":"sancionaran-a-empresas-que-incumplan-medidas-sanitarias-en-buen-fin","status":"publish","type":"post","link":"https:\/\/encuentroinformativo.com.mx\/?p=7850","title":{"rendered":"Sancionar\u00e1n a empresas que incumplan medidas sanitarias en Buen Fin"},"content":{"rendered":"\n<p><strong>Alejandro \u00c1vila<\/strong><\/p>\n\n\n\n<p>Veracruz, Ver.- Durante la presentaci\u00f3n del operativo por el Buen Fin, el Ayuntamiento de Veracruz se\u00f1al\u00f3 que el establecimiento que no cumpla con las medidas sanitarias que disponen las autoridades de Salud del Estado, ser\u00e1n clausurados y deber\u00e1n pagar una multa.<\/p>\n\n\n\n<p>El alcalde Fernando Yunes M\u00e1rquez, dijo que la direcci\u00f3n de Comercio realizar\u00e1 operativos donde supervisar\u00e1 que no exista aglomeraci\u00f3n de personas en los comercios, que haya filtros sanitarios, y que los aforos sean del 50 por ciento.<\/p>\n\n\n\n<p>&#8220;Yo creo que fue una buena decisi\u00f3n el ampliar los d\u00edas, antes cuando eran solo tres o cuatro d\u00edas, pues la gente se aglomeraba de manera m\u00e1s importante, hoy dandole estes espacio me parece que habr\u00e1 m\u00e1s oportunidad de que sea un poco m\u00e1s ordenado (\u2026) clausura, cierre en ese momento, y sobretodo lo que estaba platicando con los empresarios es, quien no cumpla se le cierra y cuando cumpla se les permita volver a abrir&#8221;, subray\u00f3 el edil.<\/p>\n\n\n\n<p>En cuanto a los vendedores ambulantes, aclar\u00f3 que est\u00e1n regresando a sus puntos de venta los que ya se tienen empadronados, por lo que descart\u00f3 exista un aumento del comercio informal como se rumoro.<\/p>\n\n\n\n<p>&#8220;Est\u00e1n regresando los que ya trabajaban, hay que decir que son ciudadanos que tambi\u00e9n tienen derecho a ganarse la vida y lo est\u00e1n haciendo, y nosotros hemos respetado tambi\u00e9n esa parte. Lo que s\u00ed limitamos es que no sea m\u00e1s gente de la que hab\u00eda anteriormente, y no hay comercio ambulante nuevo&#8221;, asest\u00f3.<\/p>\n","protected":false},"excerpt":{"rendered":"<p>Alejandro \u00c1vila Veracruz, Ver.- Durante la presentaci\u00f3n del operativo por el Buen Fin, el Ayuntamiento de Veracruz se\u00f1al\u00f3 que el establecimiento que no cumpla con las medidas sanitarias que disponen las autoridades de Salud del Estado, ser\u00e1n clausurados y deber\u00e1n pagar una multa. El alcalde Fernando Yunes M\u00e1rquez, dijo que la direcci\u00f3n de Comercio realizar\u00e1 [&hellip;]<\/p>\n","protected":false},"author":1,"featured_media":7851,"comment_status":"open","ping_status":"open","sticky":false,"template":"","format":"standard","meta":{"_jetpack_memberships_contains_paid_content":false,"footnotes":""},"categories":[2],"tags":[],"class_list":["post-7850","post","type-post","status-publish","format-standard","has-post-thumbnail","hentry","category-estado"],"jetpack_featured_media_url":"https:\/\/encuentroinformativo.com.mx\/wp-content\/uploads\/2020\/11\/EF29D8A0-9B56-467D-9FD1-15D18F552083.jpeg","jetpack_sharing_enabled":true,"jetpack_likes_enabled":true,"amp_enabled":true,"_links":{"self":[{"href":"https:\/\/encuentroinformativo.com.mx\/index.php?rest_route=\/wp\/v2\/posts\/7850","targetHints":{"allow":["GET"]}}],"collection":[{"href":"https:\/\/encuentroinformativo.com.mx\/index.php?rest_route=\/wp\/v2\/posts"}],"about":[{"href":"https:\/\/encuentroinformativo.com.mx\/index.php?rest_route=\/wp\/v2\/types\/post"}],"author":[{"embeddable":true,"href":"https:\/\/encuentroinformativo.com.mx\/index.php?rest_route=\/wp\/v2\/users\/1"}],"replies":[{"embeddable":true,"href":"https:\/\/encuentroinformativo.com.mx\/index.php?rest_route=%2Fwp%2Fv2%2Fcomments&post=7850"}],"version-history":[{"count":1,"href":"https:\/\/encuentroinformativo.com.mx\/index.php?rest_route=\/wp\/v2\/posts\/7850\/revisions"}],"predecessor-version":[{"id":7852,"href":"https:\/\/encuentroinformativo.com.mx\/index.php?rest_route=\/wp\/v2\/posts\/7850\/revisions\/7852"}],"wp:featuredmedia":[{"embeddable":true,"href":"https:\/\/encuentroinformativo.com.mx\/index.php?rest_route=\/wp\/v2\/media\/7851"}],"wp:attachment":[{"href":"https:\/\/encuentroinformativo.com.mx\/index.php?rest_route=%2Fwp%2Fv2%2Fmedia&parent=7850"}],"wp:term":[{"taxonomy":"category","embeddable":true,"href":"https:\/\/encuentroinformativo.com.mx\/index.php?rest_route=%2Fwp%2Fv2%2Fcategories&post=7850"},{"taxonomy":"post_tag","embeddable":true,"href":"https:\/\/encuentroinformativo.com.mx\/index.php?rest_route=%2Fwp%2Fv2%2Ftags&post=7850"}],"curies":[{"name":"wp","href":"https:\/\/api.w.org\/{rel}","templated":true}]}}