{"id":7860,"date":"2020-11-09T14:46:01","date_gmt":"2020-11-09T20:46:01","guid":{"rendered":"https:\/\/encuentroinformativo.com.mx\/?p=7860"},"modified":"2020-11-09T14:46:03","modified_gmt":"2020-11-09T20:46:03","slug":"promueve-guardia-nacional-rodada-por-la-seguridad","status":"publish","type":"post","link":"https:\/\/encuentroinformativo.com.mx\/?p=7860","title":{"rendered":"Promueve Guardia Nacional rodada por la seguridad"},"content":{"rendered":"\n<p><strong>Alejandro \u00c1vila<\/strong><\/p>\n\n\n\n<p>Alvarado, Ver.- El municipio de Alvarado, quien contabiliza un aproximado de 5 mil motociclistas que se mueven dentro de las localidades y cabecera municipal, recibio el respaldo de la Guardia Nacional, quien realiz\u00f3 una Rodada por la Seguridad Vial para concientizar el uso de protecci\u00f3n durante sus recorridos.<\/p>\n\n\n\n<p>De la misma manera, con la intenci\u00f3n de reducir el n\u00famero de accidentes en las carreteras federales 150 y 180 que atraviesan el municipio, se realiz\u00f3 una rodada de 120 motociclistas, escoltados por elementos de Guardia Nacional, Fuerza Civil, Secretar\u00eda de Seguridad P\u00fablica y Tr\u00e1nsito del Estado, la cual inici\u00f3 en la ciudad de Xalapa, pasando por Veracruz Puerto y terminando en Alvarado.<\/p>\n\n\n\n<p>Ya en el bulevar &#8220;Gabriel Carballo&#8221; de Alvarado, los elementos de seguridad dieron una explicaci\u00f3n a motociclistas locales sobre la importancia de la utilizaci\u00f3n del equipo de seguridad adecuado, as\u00ed como las sanciones a las que se pueden hacer acreedores en caso de no cumplir con la reglamentaci\u00f3n vigente.<\/p>\n\n\n\n<p>&#8220;Es un esfuerzo que tambi\u00e9n nosotros, los trabajadores de Tr\u00e1nsito y Protecci\u00f3n Civil siempre estamos insistiendo a todos los motociclistas para que hagan caso a las autoridades que conocen de vialidad&#8221;, mencion\u00f3 el alcalde Bogar Ruiz Rosas.<\/p>\n\n\n\n<p>Al finaliza el acto protocolario se llev\u00f3 a cabo una comida para todos los que integraron la caravana de conciencia vial, donde adem\u00e1s se comprometio el Ayuntamiento de Alvarado a colocar se\u00f1aletica adecuada en las arterias viales m\u00e1s concurridas del municipio.<\/p>\n","protected":false},"excerpt":{"rendered":"<p>Alejandro \u00c1vila Alvarado, Ver.- El municipio de Alvarado, quien contabiliza un aproximado de 5 mil motociclistas que se mueven dentro de las localidades y cabecera municipal, recibio el respaldo de la Guardia Nacional, quien realiz\u00f3 una Rodada por la Seguridad Vial para concientizar el uso de protecci\u00f3n durante sus recorridos. De la misma manera, con [&hellip;]<\/p>\n","protected":false},"author":1,"featured_media":7861,"comment_status":"open","ping_status":"open","sticky":false,"template":"","format":"standard","meta":{"_jetpack_memberships_contains_paid_content":false,"footnotes":""},"categories":[2],"tags":[],"class_list":["post-7860","post","type-post","status-publish","format-standard","has-post-thumbnail","hentry","category-estado"],"jetpack_featured_media_url":"https:\/\/encuentroinformativo.com.mx\/wp-content\/uploads\/2020\/11\/38AD3F26-0E78-4264-A28B-5F2F918863BF.jpeg","jetpack_sharing_enabled":true,"jetpack_likes_enabled":true,"amp_enabled":true,"_links":{"self":[{"href":"https:\/\/encuentroinformativo.com.mx\/index.php?rest_route=\/wp\/v2\/posts\/7860","targetHints":{"allow":["GET"]}}],"collection":[{"href":"https:\/\/encuentroinformativo.com.mx\/index.php?rest_route=\/wp\/v2\/posts"}],"about":[{"href":"https:\/\/encuentroinformativo.com.mx\/index.php?rest_route=\/wp\/v2\/types\/post"}],"author":[{"embeddable":true,"href":"https:\/\/encuentroinformativo.com.mx\/index.php?rest_route=\/wp\/v2\/users\/1"}],"replies":[{"embeddable":true,"href":"https:\/\/encuentroinformativo.com.mx\/index.php?rest_route=%2Fwp%2Fv2%2Fcomments&post=7860"}],"version-history":[{"count":1,"href":"https:\/\/encuentroinformativo.com.mx\/index.php?rest_route=\/wp\/v2\/posts\/7860\/revisions"}],"predecessor-version":[{"id":7862,"href":"https:\/\/encuentroinformativo.com.mx\/index.php?rest_route=\/wp\/v2\/posts\/7860\/revisions\/7862"}],"wp:featuredmedia":[{"embeddable":true,"href":"https:\/\/encuentroinformativo.com.mx\/index.php?rest_route=\/wp\/v2\/media\/7861"}],"wp:attachment":[{"href":"https:\/\/encuentroinformativo.com.mx\/index.php?rest_route=%2Fwp%2Fv2%2Fmedia&parent=7860"}],"wp:term":[{"taxonomy":"category","embeddable":true,"href":"https:\/\/encuentroinformativo.com.mx\/index.php?rest_route=%2Fwp%2Fv2%2Fcategories&post=7860"},{"taxonomy":"post_tag","embeddable":true,"href":"https:\/\/encuentroinformativo.com.mx\/index.php?rest_route=%2Fwp%2Fv2%2Ftags&post=7860"}],"curies":[{"name":"wp","href":"https:\/\/api.w.org\/{rel}","templated":true}]}}