{"id":7863,"date":"2020-11-09T16:45:28","date_gmt":"2020-11-09T22:45:28","guid":{"rendered":"https:\/\/encuentroinformativo.com.mx\/?p=7863"},"modified":"2020-11-09T16:45:31","modified_gmt":"2020-11-09T22:45:31","slug":"personal-demanda-cambiar-a-director-de-hospital-de-coatepec","status":"publish","type":"post","link":"https:\/\/encuentroinformativo.com.mx\/?p=7863","title":{"rendered":"Personal demanda cambiar a director de hospital de Coatepec"},"content":{"rendered":"\n<p><strong>Juan Arcos <\/strong><\/p>\n\n\n\n<p>Coatepec, Ver.- Personal m\u00e9dico y administrativo del Hospital de la Comunidad de Coatepec exigi\u00f3 la destituci\u00f3n del director Gerardo Augusto Fern\u00e1ndez Mayo Peternell.<\/p>\n\n\n\n<p>Los quejosos se\u00f1alaron que han sido detectadas irregularidades y negligencias en el nosocomio, ubicado sobre la calle Segunda de Nicol\u00e1s Bravo n\u00famero 50, de la colonia Los Cafetos.<\/p>\n\n\n\n<p>De acuerdo con los trabajadores, quienes solicitaron el anonimato por temor a represalias, han aumentado sus cargas laborales, sin recibir un aumento salarial.\u00a0<br>Los trabajadores amagan con realizar un plant\u00f3n y parar labores en el nosocomio para pedir la salida del Director General.<\/p>\n\n\n\n<p>Estas personas se dijeron hartas de las condiciones laborales en las que se encuentran y los \u201cp\u00e9simos\u201d manejos por parte de los directorios del hospital.\u00a0<\/p>\n\n\n\n<p>\u201cEl mequetrefe (refiri\u00e9ndose al Director) que est\u00e1 da\u00f1ando la imagen del hospital\u201d, expresaron sin proporcionar su nombre.<br>En ese sentido, pidieron al secretario de Salud, Roberto Ramos Alor, y al gobernador del estado, Cuitl\u00e1huac Garc\u00eda Jim\u00e9nez, su intervenci\u00f3n para la remoci\u00f3n del doctor Mayo Peternell.<\/p>\n\n\n\n<p>\u201cVamos a iniciar un movimiento, vamos a hacer un oficio para solicitar la baja del director para proceder a su cambio, esto ante todas las irregularidades que se vienen dando. Este movimiento lo apoya el personal administrativo, qu\u00edmicos, enfermeros, doctores; toda la base trabajadora est\u00e1 unida porque lo \u00fanico que queremos es tranquilidad y que los pacientes mejoren en su salud y esto, no se est\u00e1 haciendo al interior del Hospital Civil de Coatepec\u201d, remataron.<\/p>\n","protected":false},"excerpt":{"rendered":"<p>Juan Arcos Coatepec, Ver.- Personal m\u00e9dico y administrativo del Hospital de la Comunidad de Coatepec exigi\u00f3 la destituci\u00f3n del director Gerardo Augusto Fern\u00e1ndez Mayo Peternell. Los quejosos se\u00f1alaron que han sido detectadas irregularidades y negligencias en el nosocomio, ubicado sobre la calle Segunda de Nicol\u00e1s Bravo n\u00famero 50, de la colonia Los Cafetos. De acuerdo [&hellip;]<\/p>\n","protected":false},"author":1,"featured_media":7864,"comment_status":"open","ping_status":"open","sticky":false,"template":"","format":"standard","meta":{"_jetpack_memberships_contains_paid_content":false,"footnotes":""},"categories":[9],"tags":[],"class_list":["post-7863","post","type-post","status-publish","format-standard","has-post-thumbnail","hentry","category-salud"],"jetpack_featured_media_url":"https:\/\/encuentroinformativo.com.mx\/wp-content\/uploads\/2020\/11\/B47EFBCD-DA1C-4028-AE1C-7AD99F372770.jpeg","jetpack_sharing_enabled":true,"jetpack_likes_enabled":true,"amp_enabled":true,"_links":{"self":[{"href":"https:\/\/encuentroinformativo.com.mx\/index.php?rest_route=\/wp\/v2\/posts\/7863","targetHints":{"allow":["GET"]}}],"collection":[{"href":"https:\/\/encuentroinformativo.com.mx\/index.php?rest_route=\/wp\/v2\/posts"}],"about":[{"href":"https:\/\/encuentroinformativo.com.mx\/index.php?rest_route=\/wp\/v2\/types\/post"}],"author":[{"embeddable":true,"href":"https:\/\/encuentroinformativo.com.mx\/index.php?rest_route=\/wp\/v2\/users\/1"}],"replies":[{"embeddable":true,"href":"https:\/\/encuentroinformativo.com.mx\/index.php?rest_route=%2Fwp%2Fv2%2Fcomments&post=7863"}],"version-history":[{"count":1,"href":"https:\/\/encuentroinformativo.com.mx\/index.php?rest_route=\/wp\/v2\/posts\/7863\/revisions"}],"predecessor-version":[{"id":7865,"href":"https:\/\/encuentroinformativo.com.mx\/index.php?rest_route=\/wp\/v2\/posts\/7863\/revisions\/7865"}],"wp:featuredmedia":[{"embeddable":true,"href":"https:\/\/encuentroinformativo.com.mx\/index.php?rest_route=\/wp\/v2\/media\/7864"}],"wp:attachment":[{"href":"https:\/\/encuentroinformativo.com.mx\/index.php?rest_route=%2Fwp%2Fv2%2Fmedia&parent=7863"}],"wp:term":[{"taxonomy":"category","embeddable":true,"href":"https:\/\/encuentroinformativo.com.mx\/index.php?rest_route=%2Fwp%2Fv2%2Fcategories&post=7863"},{"taxonomy":"post_tag","embeddable":true,"href":"https:\/\/encuentroinformativo.com.mx\/index.php?rest_route=%2Fwp%2Fv2%2Ftags&post=7863"}],"curies":[{"name":"wp","href":"https:\/\/api.w.org\/{rel}","templated":true}]}}