{"id":7866,"date":"2020-11-09T17:04:01","date_gmt":"2020-11-09T23:04:01","guid":{"rendered":"https:\/\/encuentroinformativo.com.mx\/?p=7866"},"modified":"2020-11-09T17:04:03","modified_gmt":"2020-11-09T23:04:03","slug":"taxistas-esperan-repunte-por-buen-fin","status":"publish","type":"post","link":"https:\/\/encuentroinformativo.com.mx\/?p=7866","title":{"rendered":"Taxistas esperan repunte por Buen Fin"},"content":{"rendered":"\n<p><strong>Alejandro \u00c1vila<\/strong><\/p>\n\n\n\n<p>Veracruz, Ver.- En tan solo 50 d\u00edas, que es lo que le resta al a\u00f1o 2020, los taxistas de Veracruz y Boca del R\u00edo espera recuperar un 60 por ciento de lo perdido por la pandemia de COVID-19.<\/p>\n\n\n\n<p>El l\u00edder de taxistas, Guillermo Larios Barrios, se\u00f1al\u00f3 que para su fortuna, el programa federal &#8220;El Buen Fin&#8221;, qur este a\u00f1o durar\u00e1 15 d\u00edas, aunado a la llegada de los aguinaldos a inicios de diciembre, son momentos importantes y claves para el repunte del transporte de renta.<\/p>\n\n\n\n<p>\u201cEsperamos tener 45 a 50 d\u00edas para recuperar una buena cantidad de recursos que se hab\u00edan perdido con la pandemia\u201d, dijo el presidente de Taxis GL.<\/p>\n\n\n\n<p>Durante la parte m\u00e1s \u00e1lgida de la contingencia sanitaria, que fue durante los meses de mayo, junio y julio, las manifestaciones de taxistas fueron constantes; una, por la falta de servicios en las calles, pues la gente permanec\u00eda encerrada en su mayor\u00eda, y otra por el nulo apoyo de Gobierno Federal y Estatal.<\/p>\n\n\n\n<p>Seg\u00fan Larios Barrios, a estas fechas, han podido recuperar sus servicios y el flujo de pasajeros en un 45 a 50 por ciento, pero aclar\u00f3 que eso se debe a que que muchos compa\u00f1eros del volante, ya no volvieron a circular tras la pandemia, pues reconoci\u00f3 que varios de ellos no pudieron soportar la crisis econ\u00f3mica que se vivi\u00f3.<\/p>\n","protected":false},"excerpt":{"rendered":"<p>Alejandro \u00c1vila Veracruz, Ver.- En tan solo 50 d\u00edas, que es lo que le resta al a\u00f1o 2020, los taxistas de Veracruz y Boca del R\u00edo espera recuperar un 60 por ciento de lo perdido por la pandemia de COVID-19. El l\u00edder de taxistas, Guillermo Larios Barrios, se\u00f1al\u00f3 que para su fortuna, el programa federal [&hellip;]<\/p>\n","protected":false},"author":1,"featured_media":7867,"comment_status":"open","ping_status":"open","sticky":false,"template":"","format":"standard","meta":{"_jetpack_memberships_contains_paid_content":false,"footnotes":""},"categories":[2],"tags":[],"class_list":["post-7866","post","type-post","status-publish","format-standard","has-post-thumbnail","hentry","category-estado"],"jetpack_featured_media_url":"https:\/\/encuentroinformativo.com.mx\/wp-content\/uploads\/2020\/11\/9D95D07E-86F0-4971-9747-7654470F8013.jpeg","jetpack_sharing_enabled":true,"jetpack_likes_enabled":true,"amp_enabled":true,"_links":{"self":[{"href":"https:\/\/encuentroinformativo.com.mx\/index.php?rest_route=\/wp\/v2\/posts\/7866","targetHints":{"allow":["GET"]}}],"collection":[{"href":"https:\/\/encuentroinformativo.com.mx\/index.php?rest_route=\/wp\/v2\/posts"}],"about":[{"href":"https:\/\/encuentroinformativo.com.mx\/index.php?rest_route=\/wp\/v2\/types\/post"}],"author":[{"embeddable":true,"href":"https:\/\/encuentroinformativo.com.mx\/index.php?rest_route=\/wp\/v2\/users\/1"}],"replies":[{"embeddable":true,"href":"https:\/\/encuentroinformativo.com.mx\/index.php?rest_route=%2Fwp%2Fv2%2Fcomments&post=7866"}],"version-history":[{"count":1,"href":"https:\/\/encuentroinformativo.com.mx\/index.php?rest_route=\/wp\/v2\/posts\/7866\/revisions"}],"predecessor-version":[{"id":7868,"href":"https:\/\/encuentroinformativo.com.mx\/index.php?rest_route=\/wp\/v2\/posts\/7866\/revisions\/7868"}],"wp:featuredmedia":[{"embeddable":true,"href":"https:\/\/encuentroinformativo.com.mx\/index.php?rest_route=\/wp\/v2\/media\/7867"}],"wp:attachment":[{"href":"https:\/\/encuentroinformativo.com.mx\/index.php?rest_route=%2Fwp%2Fv2%2Fmedia&parent=7866"}],"wp:term":[{"taxonomy":"category","embeddable":true,"href":"https:\/\/encuentroinformativo.com.mx\/index.php?rest_route=%2Fwp%2Fv2%2Fcategories&post=7866"},{"taxonomy":"post_tag","embeddable":true,"href":"https:\/\/encuentroinformativo.com.mx\/index.php?rest_route=%2Fwp%2Fv2%2Ftags&post=7866"}],"curies":[{"name":"wp","href":"https:\/\/api.w.org\/{rel}","templated":true}]}}