{"id":78687,"date":"2026-08-31T11:20:17","date_gmt":"2026-08-31T17:20:17","guid":{"rendered":"https:\/\/encuentroinformativo.com.mx\/?p=78687"},"modified":"2026-08-31T11:20:17","modified_gmt":"2026-08-31T17:20:17","slug":"por-segundo-informe-visitara-la-presidenta-sheinbaum-veracruz","status":"publish","type":"post","link":"https:\/\/encuentroinformativo.com.mx\/?p=78687","title":{"rendered":"Por segundo informe, visitar\u00e1 la presidenta Sheinbaum Veracruz"},"content":{"rendered":"<p><strong>Dar\u00edo Pale<\/strong><\/p>\n<p>Xalapa, Ver.- La presidenta de M\u00e9xico, Claudia Sheinbaum Pardo, visitar\u00e1 Veracruz el pr\u00f3ximo 10 de septiembre como parte de la gira que realizar\u00e1 por las 32 entidades del pa\u00eds para rendir cuentas sobre los resultados de su segundo a\u00f1o al frente del Gobierno federal, inform\u00f3 la gobernadora de Veracruz, Norma Roc\u00edo Nahle Garc\u00eda.<\/p>\n<p>La mandataria estatal explic\u00f3 que este martes acompa\u00f1ar\u00e1 a la presidenta de M\u00e9xico en Palacio Nacional, donde presentar\u00e1 su segundo informe de labores ante los gobernadores de las entidades federativas y la jefa de Gobierno de la Ciudad de M\u00e9xico.<\/p>\n<p>Posteriormente, Sheinbaum Pardo iniciar\u00e1 una gira por los estados del pa\u00eds y, en el caso de Veracruz, su informe se realizar\u00e1 en el estadio de b\u00e9isbol Beto \u00c1vila, ubicado en el puerto de Veracruz.<\/p>\n<p>Nahle Garc\u00eda se\u00f1al\u00f3 que todav\u00eda no se ha definido el horario del evento, pero invit\u00f3 a la poblaci\u00f3n a acompa\u00f1ar a la presidenta durante su visita.<\/p>\n<p>\u201cImag\u00ednense, una presidenta que viene a los estados a rendir cuentas. Esto tambi\u00e9n es nuevo\u201d, afirm\u00f3.<\/p>\n<p>La gobernadora destac\u00f3 que este esquema representa un cambio respecto a la manera en que anteriormente se presentaban los informes presidenciales, al considerar que ahora existe mayor cercan\u00eda con la poblaci\u00f3n.<\/p>\n<p style=\"text-align: center;\"><strong>Apoyos para emprendedores no son dinero regalado<\/strong><\/p>\n<p>En otro tema, Nahle defendi\u00f3 la continuidad del programa de Apoyo a la Familias y Apoyo a la Palabra, al rechazar las cr\u00edticas de quienes consideran que los recursos entregados representan dinero regalado.<\/p>\n<p>Explic\u00f3 que los cr\u00e9ditos est\u00e1n destinados principalmente a personas que requieren capital para fortalecer peque\u00f1os negocios y actividades productivas, como estilistas, artesanos y otros emprendedores.<\/p>\n<p>\u201cQuienes piensen que se regala dinero deber\u00edan, de veras, visitar uno de los proyectos\u201d, expres\u00f3.<\/p>\n<p>La gobernadora se\u00f1al\u00f3 que para una persona que vive al d\u00eda puede resultar complicado reunir entre 7 mil y 10 mil pesos para comprar materiales o herramientas necesarias para desarrollar su actividad econ\u00f3mica.<\/p>\n<p>Como ejemplo, mencion\u00f3 a estilistas que requieren adquirir tijeras y productos para su trabajo, as\u00ed como artesanas que necesitan recursos para comprar materiales destinados a la elaboraci\u00f3n de aretes, collares y otros productos.<\/p>\n<p>Destac\u00f3 que cerca del 50 por ciento de las personas que han recibido estos apoyos ya regresaron el recurso y solicitaron un segundo cr\u00e9dito, lo que, dijo, demuestra que los beneficiarios est\u00e1n creciendo y requieren nuevamente financiamiento.<\/p>\n<p>\u201cEstamos ayudando en todos los municipios y lo vamos a seguir haciendo\u201d, afirm\u00f3.<\/p>\n<p style=\"text-align: center;\"><strong>El Ingenio San Pedro pasar\u00e1 a un esquema p\u00fablico<\/strong><\/p>\n<p>Respecto al futuro del ingenio San Pedro, ubicado en Lerdo de Tejada, la gobernadora inform\u00f3 que, tras semanas de di\u00e1logo y negociaciones, se avanza para que la Federaci\u00f3n reciba nuevamente el inmueble y posteriormente se establezca un organismo p\u00fablico descentralizado encargado de su operaci\u00f3n.<\/p>\n<p>Nahle Garc\u00eda explic\u00f3 que la presidenta envi\u00f3 nuevamente a la secretaria de Agricultura para avanzar en el cierre del proceso y formalizar la entrega del inmueble, una vez que deje de estar bajo administraci\u00f3n privada.<\/p>\n<p>\u201cRegresa al origen p\u00fablico\u201d, afirm\u00f3.<\/p>\n<p>La gobernadora destac\u00f3 la importancia econ\u00f3mica del ingenio San Pedro para la regi\u00f3n del Papaloapan, al se\u00f1alar que se trata de uno de los ingenios m\u00e1s grandes y del \u00faltimo que permanec\u00eda operando en esa zona despu\u00e9s del cierre de los ingenios San Gabriel y San Francisco.<\/p>\n<p>Advirti\u00f3 que un cierre definitivo habr\u00eda representado un fuerte golpe para la econom\u00eda de municipios como Tlacotalpan, Alvarado, Lerdo de Tejada, Saltabarranca y Santiago Tuxtla, entre otros.<\/p>\n<p>\u201cAlrededor de los ingenios se mueve una econom\u00eda pujante, muy fuerte\u201d, sostuvo.<\/p>\n<p>Nahle Garc\u00eda aclar\u00f3 que el Gobierno estatal no obligar\u00e1 a la empresa privada a continuar con la operaci\u00f3n del ingenio, pero intervendr\u00e1 para atender las consecuencias sociales y econ\u00f3micas que representa su cierre.<\/p>\n<p>\u201cSi la empresa ya no quiere, est\u00e1 en su derecho; nosotros no estamos obligando a que ellos contin\u00faen\u201d, manifest\u00f3.<\/p>\n<p style=\"text-align: center;\"><strong>Az\u00facar ser\u00e1 para consumo nacional<\/strong><\/p>\n<p>La mandataria estatal detall\u00f3 que uno de los acuerdos para la operaci\u00f3n p\u00fablica del ingenio es que el az\u00facar producida ser\u00e1 destinada exclusivamente al consumo nacional y no a la exportaci\u00f3n.<\/p>\n<p>Explic\u00f3 que esta medida busca evitar afectaciones al acuerdo comercial de M\u00e9xico con Estados Unidos, debido a que la participaci\u00f3n directa del Estado en la producci\u00f3n podr\u00eda generar cuestionamientos relacionados con subsidios gubernamentales.<\/p>\n<p>\u201cSe estableci\u00f3 que el az\u00facar que se produzca sea de consumo nacional\u201d, indic\u00f3.<\/p>\n<p style=\"text-align: center;\"><strong>Inician liquidaciones y acuerdos con ca\u00f1eros<\/strong><\/p>\n<p>Como parte del proceso de transici\u00f3n, inform\u00f3 que este lunes se instalaron mesas de trabajo en Lerdo de Tejada para iniciar, a trav\u00e9s de la Secretar\u00eda del Trabajo y en coordinaci\u00f3n con la empresa, el proceso de liquidaci\u00f3n de los trabajadores conforme a la ley, considerando su antig\u00fcedad y las condiciones establecidas en sus contratos laborales.<\/p>\n<p>Asimismo, el secretario de Desarrollo Agropecuario, Rural y Pesca, Rodrigo Calder\u00f3n, participar\u00e1 en las negociaciones con los productores de ca\u00f1a para comenzar a formalizar los acuerdos relacionados con la entrega de la producci\u00f3n correspondiente al pr\u00f3ximo ciclo.<\/p>\n<p>Nahle Garc\u00eda enfatiz\u00f3 que el proceso administrativo no puede detener las actividades del campo, debido a que los productores necesitan certeza para continuar trabajando.<\/p>\n<p>\u201cNosotros dijimos: mientras se avanza con el papeleo, mientras todo, nosotros tenemos que continuar porque el campo no espera\u201d, expres\u00f3.<\/p>\n<p>Reconoci\u00f3 que el Gobierno de Veracruz no ten\u00eda como objetivo involucrarse directamente en la producci\u00f3n de az\u00facar; sin embargo, afirm\u00f3 que su responsabilidad es evitar y atender los impactos sociales derivados de la situaci\u00f3n del ingenio.<\/p>\n<p>\u201cSi es mi objetivo y si es mi obligaci\u00f3n, frenar y resolver los impactos sociales\u201d, puntualiz\u00f3.<\/p>\n","protected":false},"excerpt":{"rendered":"<p>Dar\u00edo Pale Xalapa, Ver.- La presidenta de M\u00e9xico, Claudia Sheinbaum Pardo, visitar\u00e1 Veracruz el pr\u00f3ximo 10 de septiembre como parte de la gira que realizar\u00e1 por las 32 entidades del pa\u00eds para rendir cuentas sobre los resultados de su segundo a\u00f1o al frente del Gobierno federal, inform\u00f3 la gobernadora de Veracruz, Norma Roc\u00edo Nahle Garc\u00eda. [&hellip;]<\/p>\n","protected":false},"author":2476,"featured_media":77423,"comment_status":"open","ping_status":"open","sticky":false,"template":"","format":"standard","meta":{"_jetpack_memberships_contains_paid_content":false,"footnotes":""},"categories":[12],"tags":[],"class_list":["post-78687","post","type-post","status-publish","format-standard","has-post-thumbnail","hentry","category-nacional"],"jetpack_featured_media_url":"https:\/\/encuentroinformativo.com.mx\/wp-content\/uploads\/2026\/06\/IMG-20260605-WA04582.jpg","jetpack_sharing_enabled":true,"jetpack_likes_enabled":true,"amp_enabled":true,"_links":{"self":[{"href":"https:\/\/encuentroinformativo.com.mx\/index.php?rest_route=\/wp\/v2\/posts\/78687","targetHints":{"allow":["GET"]}}],"collection":[{"href":"https:\/\/encuentroinformativo.com.mx\/index.php?rest_route=\/wp\/v2\/posts"}],"about":[{"href":"https:\/\/encuentroinformativo.com.mx\/index.php?rest_route=\/wp\/v2\/types\/post"}],"author":[{"embeddable":true,"href":"https:\/\/encuentroinformativo.com.mx\/index.php?rest_route=\/wp\/v2\/users\/2476"}],"replies":[{"embeddable":true,"href":"https:\/\/encuentroinformativo.com.mx\/index.php?rest_route=%2Fwp%2Fv2%2Fcomments&post=78687"}],"version-history":[{"count":1,"href":"https:\/\/encuentroinformativo.com.mx\/index.php?rest_route=\/wp\/v2\/posts\/78687\/revisions"}],"predecessor-version":[{"id":78688,"href":"https:\/\/encuentroinformativo.com.mx\/index.php?rest_route=\/wp\/v2\/posts\/78687\/revisions\/78688"}],"wp:featuredmedia":[{"embeddable":true,"href":"https:\/\/encuentroinformativo.com.mx\/index.php?rest_route=\/wp\/v2\/media\/77423"}],"wp:attachment":[{"href":"https:\/\/encuentroinformativo.com.mx\/index.php?rest_route=%2Fwp%2Fv2%2Fmedia&parent=78687"}],"wp:term":[{"taxonomy":"category","embeddable":true,"href":"https:\/\/encuentroinformativo.com.mx\/index.php?rest_route=%2Fwp%2Fv2%2Fcategories&post=78687"},{"taxonomy":"post_tag","embeddable":true,"href":"https:\/\/encuentroinformativo.com.mx\/index.php?rest_route=%2Fwp%2Fv2%2Ftags&post=78687"}],"curies":[{"name":"wp","href":"https:\/\/api.w.org\/{rel}","templated":true}]}}