{"id":78689,"date":"2026-08-31T11:25:15","date_gmt":"2026-08-31T17:25:15","guid":{"rendered":"https:\/\/encuentroinformativo.com.mx\/?p=78689"},"modified":"2026-08-31T11:25:15","modified_gmt":"2026-08-31T17:25:15","slug":"feligreses-piden-apoyo-para-rehabilitar-capilla-historica-de-medellin-de-bravo","status":"publish","type":"post","link":"https:\/\/encuentroinformativo.com.mx\/?p=78689","title":{"rendered":"Feligreses piden apoyo para rehabilitar capilla hist\u00f3rica de Medell\u00edn de Bravo\u00a0"},"content":{"rendered":"<p><strong>Alejandro \u00c1vila<\/strong><\/p>\n<p>Medell\u00edn de Bravo, Ver.- Con una riqueza hist\u00f3rica que se remonta a 502 a\u00f1os (respaldada por una misiva fechada el 15 de octubre de 1524 enviada por Hern\u00e1n Cort\u00e9s al rey de Espa\u00f1a), la emblem\u00e1tica parroquia de San Miguel Arc\u00e1ngel enfrenta un grave panorama de deterioro estructural y filtraciones de agua que ponen en riesgo su patrimonio.<\/p>\n<p>\u200bA pesar de contar con la protecci\u00f3n del Instituto Nacional de Antropolog\u00eda e Historia (INAH) por tratarse de un monumento hist\u00f3rico, el templo no ha recibido una restauraci\u00f3n adecuada desde hace m\u00e1s de un siglo. La \u00faltima intervenci\u00f3n integral data de 1819, durante la \u00e9poca del presidente Antonio L\u00f3pez de Santa Anna, limit\u00e1ndose las acciones posteriores \u00fanicamente a aplicaciones superficiales de pintura especial dictada por las normas de conservaci\u00f3n.<\/p>\n<p>Cabe mencionar que, este lunes 31 de agosto la gobernadora de Veracruz, Roc\u00edo Nahle Garc\u00eda, acudi\u00f3 a la primaria Nicol\u00e1s Bravo en el municipio de Medell\u00edn de Bravo para presenciar el inicio del curso escolar 2026 &#8211; 2027, por lo que algunos feligreses acudieron a la instituci\u00f3n educativa para hacerle llegar la solicitud de primera mano.<\/p>\n<p>&#8220;Que intervenga ella y nos apoye con la restauraci\u00f3n del monumento, o sea el recurso, y que por medio de ella tambi\u00e9n se pueda buscar el apoyo federal, hay un programa que se llama FOREMOBA de gobierno federal que apoya monumentos hist\u00f3ricos como las iglesias&#8221;, se\u00f1al\u00f3 Mart\u00ednez ante los medios de comunicaci\u00f3n.<\/p>\n<p>\u200bLa feligres\u00eda y los habitantes de la zona esperan que la gobernadora de Veracruz, Roc\u00edo Nahle Garc\u00eda, encabece las gestiones ante las instancias federales y estatales para asegurar el presupuesto que permita rescatar este valioso vestigio de la historia nacional antes de que sufra da\u00f1os irreversibles.<\/p>\n","protected":false},"excerpt":{"rendered":"<p>Alejandro \u00c1vila Medell\u00edn de Bravo, Ver.- Con una riqueza hist\u00f3rica que se remonta a 502 a\u00f1os (respaldada por una misiva fechada el 15 de octubre de 1524 enviada por Hern\u00e1n Cort\u00e9s al rey de Espa\u00f1a), la emblem\u00e1tica parroquia de San Miguel Arc\u00e1ngel enfrenta un grave panorama de deterioro estructural y filtraciones de agua que ponen [&hellip;]<\/p>\n","protected":false},"author":2476,"featured_media":78690,"comment_status":"open","ping_status":"open","sticky":false,"template":"","format":"standard","meta":{"_jetpack_memberships_contains_paid_content":false,"footnotes":""},"categories":[2],"tags":[],"class_list":["post-78689","post","type-post","status-publish","format-standard","has-post-thumbnail","hentry","category-estado"],"jetpack_featured_media_url":"https:\/\/encuentroinformativo.com.mx\/wp-content\/uploads\/2026\/08\/IMG-20260831-WA00332.jpg","jetpack_sharing_enabled":true,"jetpack_likes_enabled":true,"amp_enabled":true,"_links":{"self":[{"href":"https:\/\/encuentroinformativo.com.mx\/index.php?rest_route=\/wp\/v2\/posts\/78689","targetHints":{"allow":["GET"]}}],"collection":[{"href":"https:\/\/encuentroinformativo.com.mx\/index.php?rest_route=\/wp\/v2\/posts"}],"about":[{"href":"https:\/\/encuentroinformativo.com.mx\/index.php?rest_route=\/wp\/v2\/types\/post"}],"author":[{"embeddable":true,"href":"https:\/\/encuentroinformativo.com.mx\/index.php?rest_route=\/wp\/v2\/users\/2476"}],"replies":[{"embeddable":true,"href":"https:\/\/encuentroinformativo.com.mx\/index.php?rest_route=%2Fwp%2Fv2%2Fcomments&post=78689"}],"version-history":[{"count":1,"href":"https:\/\/encuentroinformativo.com.mx\/index.php?rest_route=\/wp\/v2\/posts\/78689\/revisions"}],"predecessor-version":[{"id":78691,"href":"https:\/\/encuentroinformativo.com.mx\/index.php?rest_route=\/wp\/v2\/posts\/78689\/revisions\/78691"}],"wp:featuredmedia":[{"embeddable":true,"href":"https:\/\/encuentroinformativo.com.mx\/index.php?rest_route=\/wp\/v2\/media\/78690"}],"wp:attachment":[{"href":"https:\/\/encuentroinformativo.com.mx\/index.php?rest_route=%2Fwp%2Fv2%2Fmedia&parent=78689"}],"wp:term":[{"taxonomy":"category","embeddable":true,"href":"https:\/\/encuentroinformativo.com.mx\/index.php?rest_route=%2Fwp%2Fv2%2Fcategories&post=78689"},{"taxonomy":"post_tag","embeddable":true,"href":"https:\/\/encuentroinformativo.com.mx\/index.php?rest_route=%2Fwp%2Fv2%2Ftags&post=78689"}],"curies":[{"name":"wp","href":"https:\/\/api.w.org\/{rel}","templated":true}]}}