{"id":78692,"date":"2026-08-31T11:30:49","date_gmt":"2026-08-31T17:30:49","guid":{"rendered":"https:\/\/encuentroinformativo.com.mx\/?p=78692"},"modified":"2026-08-31T11:30:49","modified_gmt":"2026-08-31T17:30:49","slug":"confirma-gobernadora-regulacion-de-uso-de-celulares-en-educacion-basica","status":"publish","type":"post","link":"https:\/\/encuentroinformativo.com.mx\/?p=78692","title":{"rendered":"Confirma Gobernadora regulaci\u00f3n de uso de celulares en educaci\u00f3n b\u00e1sica"},"content":{"rendered":"<p><strong>Alejandro \u00c1vila<\/strong><\/p>\n<p>Medell\u00edn de Bravo, Ver.- Como invitada especial del inicio del ciclo escolar 2026-2027 en la escuela primaria Nicol\u00e1s Bravo, en el municipio de Medell\u00edn de Bravo, la gobernadora Roc\u00edo Nahle Garc\u00eda anunci\u00f3 que en Veracruz se implementar\u00e1 la prohibici\u00f3n del uso de tel\u00e9fonos celulares en las escuelas de educaci\u00f3n b\u00e1sica, abarcando desde nivel primaria hasta secundaria.<\/p>\n<p>\u200bAnte el regreso a clases de m\u00e1s de 2 millones de estudiantes y 159 mil docentes en todo el territorio estatal, la mandataria estatal revel\u00f3 que la Presidencia de la Rep\u00fablica hizo llegar un proyecto con tres opciones para regular estos dispositivos, inclin\u00e1ndose de manera personal por la restricci\u00f3n absoluta.<\/p>\n<p>\u200b\u201cYa nos hizo llegar la Presidencia el proyecto en donde dan tres opciones para que el estado defina; una de las opciones, que es la que yo quiero, pero tenemos que comentarlo con los maestros, es no vienen celulares a la escuela ni de ni\u00f1os ni maestros. Otra opci\u00f3n es que pudieran tener un caj\u00f3n y ah\u00ed guardaran el celular&#8221;, se\u00f1al\u00f3 Nahle Garc\u00eda.<\/p>\n<p>\u200bLa titular del Ejecutivo estatal puntualiz\u00f3 que en los pr\u00f3ximos d\u00edas se dar\u00e1n a conocer los detalles de la disposici\u00f3n oficial y destac\u00f3 que la aplicaci\u00f3n de esta normativa no requerir\u00e1 de un proceso de aprobaci\u00f3n en el Congreso local.<\/p>\n<p>\u201cEs una norma que tenemos que implementar, creo que no pasa ni por el Congreso, aplica para todo el estado hasta secundaria\u201d, apunt\u00f3.<\/p>\n<p>\u200bEsta postura gubernamental coincide con la iniciativa previamente planteada en el Congreso de Veracruz por el diputado local Fernando Yunes M\u00e1rquez, quien hab\u00eda impulsado exhortos y propuestas legislativas orientadas a restringir el acceso y uso de dispositivos m\u00f3viles en los planteles escolares para proteger la salud mental, fomentar la convivencia y mejorar el rendimiento acad\u00e9mico de ni\u00f1as, ni\u00f1os y adolescentes en la entidad.<\/p>\n","protected":false},"excerpt":{"rendered":"<p>Alejandro \u00c1vila Medell\u00edn de Bravo, Ver.- Como invitada especial del inicio del ciclo escolar 2026-2027 en la escuela primaria Nicol\u00e1s Bravo, en el municipio de Medell\u00edn de Bravo, la gobernadora Roc\u00edo Nahle Garc\u00eda anunci\u00f3 que en Veracruz se implementar\u00e1 la prohibici\u00f3n del uso de tel\u00e9fonos celulares en las escuelas de educaci\u00f3n b\u00e1sica, abarcando desde nivel [&hellip;]<\/p>\n","protected":false},"author":2476,"featured_media":78693,"comment_status":"open","ping_status":"open","sticky":false,"template":"","format":"standard","meta":{"_jetpack_memberships_contains_paid_content":false,"footnotes":""},"categories":[2],"tags":[],"class_list":["post-78692","post","type-post","status-publish","format-standard","has-post-thumbnail","hentry","category-estado"],"jetpack_featured_media_url":"https:\/\/encuentroinformativo.com.mx\/wp-content\/uploads\/2026\/08\/IMG-20260831-WA00852.jpg","jetpack_sharing_enabled":true,"jetpack_likes_enabled":true,"amp_enabled":true,"_links":{"self":[{"href":"https:\/\/encuentroinformativo.com.mx\/index.php?rest_route=\/wp\/v2\/posts\/78692","targetHints":{"allow":["GET"]}}],"collection":[{"href":"https:\/\/encuentroinformativo.com.mx\/index.php?rest_route=\/wp\/v2\/posts"}],"about":[{"href":"https:\/\/encuentroinformativo.com.mx\/index.php?rest_route=\/wp\/v2\/types\/post"}],"author":[{"embeddable":true,"href":"https:\/\/encuentroinformativo.com.mx\/index.php?rest_route=\/wp\/v2\/users\/2476"}],"replies":[{"embeddable":true,"href":"https:\/\/encuentroinformativo.com.mx\/index.php?rest_route=%2Fwp%2Fv2%2Fcomments&post=78692"}],"version-history":[{"count":1,"href":"https:\/\/encuentroinformativo.com.mx\/index.php?rest_route=\/wp\/v2\/posts\/78692\/revisions"}],"predecessor-version":[{"id":78694,"href":"https:\/\/encuentroinformativo.com.mx\/index.php?rest_route=\/wp\/v2\/posts\/78692\/revisions\/78694"}],"wp:featuredmedia":[{"embeddable":true,"href":"https:\/\/encuentroinformativo.com.mx\/index.php?rest_route=\/wp\/v2\/media\/78693"}],"wp:attachment":[{"href":"https:\/\/encuentroinformativo.com.mx\/index.php?rest_route=%2Fwp%2Fv2%2Fmedia&parent=78692"}],"wp:term":[{"taxonomy":"category","embeddable":true,"href":"https:\/\/encuentroinformativo.com.mx\/index.php?rest_route=%2Fwp%2Fv2%2Fcategories&post=78692"},{"taxonomy":"post_tag","embeddable":true,"href":"https:\/\/encuentroinformativo.com.mx\/index.php?rest_route=%2Fwp%2Fv2%2Ftags&post=78692"}],"curies":[{"name":"wp","href":"https:\/\/api.w.org\/{rel}","templated":true}]}}