{"id":78695,"date":"2026-08-31T11:40:47","date_gmt":"2026-08-31T17:40:47","guid":{"rendered":"https:\/\/encuentroinformativo.com.mx\/?p=78695"},"modified":"2026-08-31T11:40:47","modified_gmt":"2026-08-31T17:40:47","slug":"regresan-a-clases-mas-de-2-millones-de-estudiantes","status":"publish","type":"post","link":"https:\/\/encuentroinformativo.com.mx\/?p=78695","title":{"rendered":"Regresan a clases m\u00e1s de 2 millones de estudiantes"},"content":{"rendered":"<p><strong>Dar\u00edo Pale<\/strong><\/p>\n<p>Xalapa, Ver.- M\u00e1s de 2 millones de ni\u00f1as, ni\u00f1os y j\u00f3venes veracruzanos regresar\u00e1n este lunes a las aulas con motivo del inicio del ciclo escolar 2026-2027, inform\u00f3 la gobernadora de Veracruz, Norma Roc\u00edo Nahle Garc\u00eda, quien encabez\u00f3 el arranque oficial en la escuela Nicol\u00e1s Bravo, ubicada en Medell\u00edn de Bravo.<\/p>\n<p>La mandataria estatal se\u00f1al\u00f3 que el nuevo ciclo contempla, en promedio, 185 d\u00edas efectivos de clases, sin considerar s\u00e1bados y domingos, y destac\u00f3 que la educaci\u00f3n es uno de los principales objetivos de su administraci\u00f3n.<\/p>\n<p>\u201cHoy estaremos en Medell\u00edn, en la escuela Nicol\u00e1s Bravo, ah\u00ed vamos a acompa\u00f1ar a todos nuestros ni\u00f1os, nuestras ni\u00f1as de esa escuela\u201d, expres\u00f3.<\/p>\n<p>Nahle Garc\u00eda dese\u00f3 un feliz regreso a clases a todos los estudiantes y resalt\u00f3 la importancia de esta etapa de formaci\u00f3n, al considerar que adem\u00e1s de adquirir conocimientos, las y los alumnos conviven, interact\u00faan y se preparan para asumir en el futuro el relevo generacional.<\/p>\n<p>Afirm\u00f3 que su gobierno busca fortalecer la inversi\u00f3n p\u00fablica en educaci\u00f3n mediante la apertura de m\u00e1s escuelas, el incremento de la matr\u00edcula y acciones para avanzar en la reducci\u00f3n del analfabetismo.<\/p>\n<p>\u201cPara m\u00ed no hay mejor inversi\u00f3n en tema de gasto p\u00fablico que la educaci\u00f3n\u201d, sostuvo, al se\u00f1alar que los pa\u00edses que destinan mayores recursos a este sector logran generar sociedades con mayores niveles de desarrollo.<\/p>\n<p style=\"text-align: center;\"><strong>Veracruz prepara restricciones al uso de celulares en las aulas<\/strong><\/p>\n<p>La gobernadora tambi\u00e9n adelant\u00f3 que Veracruz aplicar\u00e1 pr\u00f3ximamente nuevas disposiciones para regular el uso de tel\u00e9fonos celulares dentro de las escuelas, a partir del reglamento que fue turnado por la Federaci\u00f3n.<\/p>\n<p>Explic\u00f3 que existen tres opciones para regular los dispositivos durante las clases, entre ellas permitir que los estudiantes lleven sus tel\u00e9fonos pero sean colocados en un espacio de resguardo durante la jornada.<\/p>\n<p>Sin embargo, se\u00f1al\u00f3 que la opci\u00f3n que analiza adoptar Veracruz es m\u00e1s restrictiva: que tanto estudiantes como docentes eviten llevar celulares durante las horas de clase.<\/p>\n<p>\u201cDijimos no, que no los lleven, no pasa nada si est\u00e1n media ma\u00f1ana sin los celulares\u201d, afirm\u00f3.<\/p>\n<p>La gobernadora indic\u00f3 que la propuesta ser\u00e1 turnada a la Secretar\u00eda de Educaci\u00f3n de Veracruz para su implementaci\u00f3n y confi\u00f3 en que las nuevas disposiciones puedan comenzar a aplicarse \u201cmuy r\u00e1pido\u201d.<\/p>\n<p style=\"text-align: center;\"><strong>Busca entregar \u00fatiles y mochilas a estudiantes de todo el estado<\/strong><\/p>\n<p>En materia de apoyos escolares, Nahle Garc\u00eda inform\u00f3 que este a\u00f1o comenz\u00f3 un programa de entrega de \u00fatiles escolares, mochilas y cuadernos en los municipios con mayores niveles de vulnerabilidad, de acuerdo con indicadores del INEGI.<\/p>\n<p>Record\u00f3 que durante marzo y abril se realizaron entregas en municipios de la regi\u00f3n de la Huasteca, entre ellos Huayacocotla, Ilamatl\u00e1n, Texcatepec, Poza Rica, \u00c1lamo y El Higo, adem\u00e1s de otras localidades.<\/p>\n<p>Agreg\u00f3 que durante la semana pasada se distribuyeron apoyos en 13 municipios de la Sierra de Zongolica y en 14 municipios de la Sierra de Soteapan, beneficiando a estudiantes de preescolar, primaria y secundaria.<\/p>\n<p>La mandataria estatal afirm\u00f3 que su objetivo es ampliar gradualmente la cobertura del programa.<\/p>\n<p>\u201cMi objetivo es que el a\u00f1o que entra avancemos en m\u00e1s municipios\u201d, se\u00f1al\u00f3.<\/p>\n<p>Nahle Garc\u00eda plante\u00f3 adem\u00e1s como meta que, antes de concluir su administraci\u00f3n, todos los estudiantes de preescolar, primaria y secundaria en Veracruz puedan recibir \u00fatiles escolares y mochilas.<\/p>\n<p>La gobernadora destac\u00f3 que estos apoyos se suman a los programas federales, como la beca Rita Cetina, mediante la cual las familias reciben recursos econ\u00f3micos que pueden ser destinados, entre otras necesidades, a la adquisici\u00f3n de uniformes escolares.<\/p>\n<p>\u201cS\u00ed se ha avanzado y yo espero que el a\u00f1o que entra avancemos en m\u00e1s municipios\u201d, concluy\u00f3.<\/p>\n","protected":false},"excerpt":{"rendered":"<p>Dar\u00edo Pale Xalapa, Ver.- M\u00e1s de 2 millones de ni\u00f1as, ni\u00f1os y j\u00f3venes veracruzanos regresar\u00e1n este lunes a las aulas con motivo del inicio del ciclo escolar 2026-2027, inform\u00f3 la gobernadora de Veracruz, Norma Roc\u00edo Nahle Garc\u00eda, quien encabez\u00f3 el arranque oficial en la escuela Nicol\u00e1s Bravo, ubicada en Medell\u00edn de Bravo. La mandataria estatal [&hellip;]<\/p>\n","protected":false},"author":2476,"featured_media":78696,"comment_status":"open","ping_status":"open","sticky":false,"template":"","format":"standard","meta":{"_jetpack_memberships_contains_paid_content":false,"footnotes":""},"categories":[2],"tags":[],"class_list":["post-78695","post","type-post","status-publish","format-standard","has-post-thumbnail","hentry","category-estado"],"jetpack_featured_media_url":"https:\/\/encuentroinformativo.com.mx\/wp-content\/uploads\/2026\/08\/FB_IMG_17881979040472.jpg","jetpack_sharing_enabled":true,"jetpack_likes_enabled":true,"amp_enabled":true,"_links":{"self":[{"href":"https:\/\/encuentroinformativo.com.mx\/index.php?rest_route=\/wp\/v2\/posts\/78695","targetHints":{"allow":["GET"]}}],"collection":[{"href":"https:\/\/encuentroinformativo.com.mx\/index.php?rest_route=\/wp\/v2\/posts"}],"about":[{"href":"https:\/\/encuentroinformativo.com.mx\/index.php?rest_route=\/wp\/v2\/types\/post"}],"author":[{"embeddable":true,"href":"https:\/\/encuentroinformativo.com.mx\/index.php?rest_route=\/wp\/v2\/users\/2476"}],"replies":[{"embeddable":true,"href":"https:\/\/encuentroinformativo.com.mx\/index.php?rest_route=%2Fwp%2Fv2%2Fcomments&post=78695"}],"version-history":[{"count":1,"href":"https:\/\/encuentroinformativo.com.mx\/index.php?rest_route=\/wp\/v2\/posts\/78695\/revisions"}],"predecessor-version":[{"id":78697,"href":"https:\/\/encuentroinformativo.com.mx\/index.php?rest_route=\/wp\/v2\/posts\/78695\/revisions\/78697"}],"wp:featuredmedia":[{"embeddable":true,"href":"https:\/\/encuentroinformativo.com.mx\/index.php?rest_route=\/wp\/v2\/media\/78696"}],"wp:attachment":[{"href":"https:\/\/encuentroinformativo.com.mx\/index.php?rest_route=%2Fwp%2Fv2%2Fmedia&parent=78695"}],"wp:term":[{"taxonomy":"category","embeddable":true,"href":"https:\/\/encuentroinformativo.com.mx\/index.php?rest_route=%2Fwp%2Fv2%2Fcategories&post=78695"},{"taxonomy":"post_tag","embeddable":true,"href":"https:\/\/encuentroinformativo.com.mx\/index.php?rest_route=%2Fwp%2Fv2%2Ftags&post=78695"}],"curies":[{"name":"wp","href":"https:\/\/api.w.org\/{rel}","templated":true}]}}