{"id":787,"date":"2020-03-11T19:25:57","date_gmt":"2020-03-12T01:25:57","guid":{"rendered":"https:\/\/encuentroinformativo.com\/?p=787"},"modified":"2020-03-11T19:25:58","modified_gmt":"2020-03-12T01:25:58","slug":"da-seguimiento-el-potrillo-a-atencion-de-puentes-deteriorados-en-misantla","status":"publish","type":"post","link":"https:\/\/encuentroinformativo.com.mx\/?p=787","title":{"rendered":"Da seguimiento \u201cEl Potrillo\u201d a atenci\u00f3n de puentes deteriorados en Misantla"},"content":{"rendered":"\n<p>Xalapa, Ver.- El diputado local por el Distrito VIII con cabecera en Misantla, Carlos Jimenez \u201cEl Potrillo\u201d sostuvo una reuni\u00f3n de trabajo con su amigo el Arquitecto Fernando El\u00edas Guevara, subsecretario de Infraestructura y Obras P\u00fablicas (SIOP), para tratar el tema del puente Palch\u00e1n, en la cabecera del distrito.<\/p>\n\n\n\n<p>El <em>Potrillo<\/em> se\u00f1al\u00f3 que, para reforzar la gesti\u00f3n es necesario  impulsarla desde todos los frentes posibles, ya que, el puente, es una prioridad y  es la \u00fanica v\u00eda de acceso a las comunidades de la Sierra Misanteca  y algunas congregaciones de Landero y Coss, Tonayan, y Tenochtitlan.<\/p>\n\n\n\n<p>El legislador local extern\u00f3: \u201cEl compromiso moral que adquir\u00ed con el pueblo, me obliga a tomar acciones para atender esta emergencia\u201d.<\/p>\n\n\n\n<p>El congresista local,  en esta platica  con el subsecretario  de la SIOP, expuso la problematica de este puente y la importancia de esta arteria de la que dependen miles de ciudadanos, entre  ellos los productores de caf\u00e9, estudiantes, maestros,  ganaderos, etc. <\/p>\n\n\n\n<p>Estamos buscando la mejor manera de aterrizar esa gesti\u00f3n, as\u00ed mismo, Jim\u00e9nez D\u00edaz  afirm\u00f3  \u201cvamos a hacer lo necesario, desde nuestras facultades, para que el problema sea resuelto\u201d.<\/p>\n","protected":false},"excerpt":{"rendered":"<p>Xalapa, Ver.- El diputado local por el Distrito VIII con cabecera en Misantla, Carlos Jimenez \u201cEl Potrillo\u201d sostuvo una reuni\u00f3n de trabajo con su amigo el Arquitecto Fernando El\u00edas Guevara, subsecretario de Infraestructura y Obras P\u00fablicas (SIOP), para tratar el tema del puente Palch\u00e1n, en la cabecera del distrito. El Potrillo se\u00f1al\u00f3 que, para reforzar [&hellip;]<\/p>\n","protected":false},"author":1,"featured_media":788,"comment_status":"open","ping_status":"open","sticky":false,"template":"","format":"standard","meta":{"_jetpack_memberships_contains_paid_content":false,"footnotes":""},"categories":[2],"tags":[],"class_list":["post-787","post","type-post","status-publish","format-standard","has-post-thumbnail","hentry","category-estado"],"jetpack_featured_media_url":"https:\/\/encuentroinformativo.com.mx\/wp-content\/uploads\/2020\/03\/99DAFB71-E2D6-4EA9-AB20-65F054F3B531.jpeg","jetpack_sharing_enabled":true,"jetpack_likes_enabled":true,"amp_enabled":true,"_links":{"self":[{"href":"https:\/\/encuentroinformativo.com.mx\/index.php?rest_route=\/wp\/v2\/posts\/787","targetHints":{"allow":["GET"]}}],"collection":[{"href":"https:\/\/encuentroinformativo.com.mx\/index.php?rest_route=\/wp\/v2\/posts"}],"about":[{"href":"https:\/\/encuentroinformativo.com.mx\/index.php?rest_route=\/wp\/v2\/types\/post"}],"author":[{"embeddable":true,"href":"https:\/\/encuentroinformativo.com.mx\/index.php?rest_route=\/wp\/v2\/users\/1"}],"replies":[{"embeddable":true,"href":"https:\/\/encuentroinformativo.com.mx\/index.php?rest_route=%2Fwp%2Fv2%2Fcomments&post=787"}],"version-history":[{"count":1,"href":"https:\/\/encuentroinformativo.com.mx\/index.php?rest_route=\/wp\/v2\/posts\/787\/revisions"}],"predecessor-version":[{"id":789,"href":"https:\/\/encuentroinformativo.com.mx\/index.php?rest_route=\/wp\/v2\/posts\/787\/revisions\/789"}],"wp:featuredmedia":[{"embeddable":true,"href":"https:\/\/encuentroinformativo.com.mx\/index.php?rest_route=\/wp\/v2\/media\/788"}],"wp:attachment":[{"href":"https:\/\/encuentroinformativo.com.mx\/index.php?rest_route=%2Fwp%2Fv2%2Fmedia&parent=787"}],"wp:term":[{"taxonomy":"category","embeddable":true,"href":"https:\/\/encuentroinformativo.com.mx\/index.php?rest_route=%2Fwp%2Fv2%2Fcategories&post=787"},{"taxonomy":"post_tag","embeddable":true,"href":"https:\/\/encuentroinformativo.com.mx\/index.php?rest_route=%2Fwp%2Fv2%2Ftags&post=787"}],"curies":[{"name":"wp","href":"https:\/\/api.w.org\/{rel}","templated":true}]}}